{"id":5964,"date":"2026-04-29T11:44:33","date_gmt":"2026-04-29T09:44:33","guid":{"rendered":"https:\/\/www.saint-martin-coiffure.fr\/blog\/comment-choisir-sa-couleur-de-cheveux-ideale-chez-le-coiffeur"},"modified":"2026-04-29T11:44:33","modified_gmt":"2026-04-29T09:44:33","slug":"comment-choisir-sa-couleur-de-cheveux-ideale-chez-le-coiffeur","status":"publish","type":"post","link":"https:\/\/www.saint-martin-coiffure.fr\/blog\/comment-choisir-sa-couleur-de-cheveux-ideale-chez-le-coiffeur","title":{"rendered":"Comment choisir sa couleur de cheveux id\u00e9ale chez le coiffeur ?"},"content":{"rendered":"<p class=\"wp-block-paragraph\">Choisir la couleur de cheveux qui r\u00e9v\u00e9lera parfaitement votre personnalit\u00e9 et sublimera votre visage n\u2019a jamais \u00e9t\u00e9 aussi passionnant. Avec les tendances coloration qui se renouvellent sans cesse, il est facile de se laisser tenter par une teinte flashie ou pastel, ou de r\u00eaver d\u2019un changement radical. Mais avant de sauter le pas chez un coiffeur professionnel, mieux vaut prendre en compte quelques conseils coiffure essentiels. Entre la colorim\u00e9trie, les nuances cheveux \u00e0 la mode, l\u2019adaptation couleur peau et le respect de la nature de vos cheveux, trouver la teinte id\u00e9ale coloration devient un v\u00e9ritable jeu d\u2019\u00e9quilibre. S\u2019inspirer des styles cheveux que l\u2019on admire ne suffit pas toujours. M\u00eame l\u2019exp\u00e9rience d\u2019un coiffeur ne remplace pas une vraie r\u00e9flexion sur sa propre identit\u00e9 capillaire. D\u2019o\u00f9 l\u2019importance de d\u00e9coder les bases avant de d\u00e9cider de sa nouvelle teinture cheveux, pour vivre pleinement ce moment de transformation.<\/p>\n\n<ul class=\"wp-block-list\"><li><strong>La colorim\u00e9trie<\/strong> permet de savoir quelles couleurs de cheveux harmonisent le mieux avec votre teint et vos yeux.<\/li><li><strong>Chaque saison colorim\u00e9trique<\/strong> (Printemps, \u00c9t\u00e9, Automne, Hiver) poss\u00e8de des nuances de coloration cheveux qui la valorisent.<\/li><li><strong>Un choix en accord avec votre carnation<\/strong> rehausse l\u2019\u00e9clat du visage et renforce la confiance en soi.<\/li><li><strong>Les conseils d\u2019un coiffeur professionnel<\/strong> sont pr\u00e9cieux pour adapter la teinte \u00e0 la nature et \u00e0 la sant\u00e9 de vos cheveux.<\/li><li><strong>Diff\u00e9rents styles de coloration<\/strong> existent, mais il reste capital d\u2019opter pour ceux qui respectent le cheveu et facilitent l\u2019entretien.<\/li><\/ul>\n\n<div id=\"ez-toc-container\" class=\"ez-toc-v2_0_82_2 counter-hierarchy ez-toc-counter ez-toc-custom ez-toc-container-direction\">\n<div class=\"ez-toc-title-container\">\n<div class=\"ez-toc-title ez-toc-toggle\" style=\"cursor:pointer\">Sommaire : <\/div>\n<span class=\"ez-toc-title-toggle\"><a href=\"#\" class=\"ez-toc-pull-right ez-toc-btn ez-toc-btn-xs ez-toc-btn-default ez-toc-toggle\" aria-label=\"Toggle Table of Content\"><span class=\"ez-toc-js-icon-con\"><span class=\"\"><span class=\"eztoc-hide\" style=\"display:none;\">Toggle<\/span><span class=\"ez-toc-icon-toggle-span\"><svg style=\"fill: #545454;color:#545454\" xmlns=\"http:\/\/www.w3.org\/2000\/svg\" class=\"list-377408\" width=\"20px\" height=\"20px\" viewBox=\"0 0 24 24\" fill=\"none\"><path d=\"M6 6H4v2h2V6zm14 0H8v2h12V6zM4 11h2v2H4v-2zm16 0H8v2h12v-2zM4 16h2v2H4v-2zm16 0H8v2h12v-2z\" fill=\"currentColor\"><\/path><\/svg><svg style=\"fill: #545454;color:#545454\" class=\"arrow-unsorted-368013\" xmlns=\"http:\/\/www.w3.org\/2000\/svg\" width=\"10px\" height=\"10px\" viewBox=\"0 0 24 24\" version=\"1.2\" baseProfile=\"tiny\"><path d=\"M18.2 9.3l-6.2-6.3-6.2 6.3c-.2.2-.3.4-.3.7s.1.5.3.7c.2.2.4.3.7.3h11c.3 0 .5-.1.7-.3.2-.2.3-.5.3-.7s-.1-.5-.3-.7zM5.8 14.7l6.2 6.3 6.2-6.3c.2-.2.3-.5.3-.7s-.1-.5-.3-.7c-.2-.2-.4-.3-.7-.3h-11c-.3 0-.5.1-.7.3-.2.2-.3.5-.3.7s.1.5.3.7z\"\/><\/svg><\/span><\/span><\/span><\/a><\/span><\/div>\n<nav><ul class='ez-toc-list ez-toc-list-level-1 ' ><li class='ez-toc-page-1 ez-toc-heading-level-2'><a class=\"ez-toc-link ez-toc-heading-1\" href=\"https:\/\/www.saint-martin-coiffure.fr\/blog\/comment-choisir-sa-couleur-de-cheveux-ideale-chez-le-coiffeur\/#Comprendre-la-colorimetrie-pour-choisir-sa-couleur-de-cheveux-ideale\" >Comprendre la colorim\u00e9trie pour choisir sa couleur de cheveux id\u00e9ale<\/a><\/li><li class='ez-toc-page-1 ez-toc-heading-level-2'><a class=\"ez-toc-link ez-toc-heading-2\" href=\"https:\/\/www.saint-martin-coiffure.fr\/blog\/comment-choisir-sa-couleur-de-cheveux-ideale-chez-le-coiffeur\/#Associer-couleur-de-cheveux-et-carnation-les-bonnes-pratiques\" >Associer couleur de cheveux et carnation : les bonnes pratiques<\/a><\/li><li class='ez-toc-page-1 ez-toc-heading-level-2'><a class=\"ez-toc-link ez-toc-heading-3\" href=\"https:\/\/www.saint-martin-coiffure.fr\/blog\/comment-choisir-sa-couleur-de-cheveux-ideale-chez-le-coiffeur\/#Trouver-son-style-de-coloration-harmoniser-tendances-et-personnalisation\" >Trouver son style de coloration : harmoniser tendances et personnalisation<\/a><\/li><li class='ez-toc-page-1 ez-toc-heading-level-2'><a class=\"ez-toc-link ez-toc-heading-4\" href=\"https:\/\/www.saint-martin-coiffure.fr\/blog\/comment-choisir-sa-couleur-de-cheveux-ideale-chez-le-coiffeur\/#Prendre-soin-de-sa-coloration-et-anticiper-les-erreurs-courantes\" >Prendre soin de sa coloration et anticiper les erreurs courantes<\/a><\/li><li class='ez-toc-page-1 ez-toc-heading-level-2'><a class=\"ez-toc-link ez-toc-heading-5\" href=\"https:\/\/www.saint-martin-coiffure.fr\/blog\/comment-choisir-sa-couleur-de-cheveux-ideale-chez-le-coiffeur\/#Des-conseils-pratiques-pour-faire-le-bon-choix-de-couleur-de-cheveux-chez-le-coiffeur\" >Des conseils pratiques pour faire le bon choix de couleur de cheveux chez le coiffeur<\/a><\/li><\/ul><\/nav><\/div>\n<h2 class=\"wp-block-heading\"><span class=\"ez-toc-section\" id=\"Comprendre-la-colorimetrie-pour-choisir-sa-couleur-de-cheveux-ideale\"><\/span>Comprendre la colorim\u00e9trie pour choisir sa couleur de cheveux id\u00e9ale<span class=\"ez-toc-section-end\"><\/span><\/h2>\n\n<p class=\"wp-block-paragraph\">La colorim\u00e9trie s\u2019invite aujourd\u2019hui dans tous les salons et les discussions entre passionn\u00e9s de beaut\u00e9. Derri\u00e8re ce terme, on trouve une m\u00e9thode pr\u00e9cise pour classer chaque personne selon une \u201csaison\u201d bas\u00e9e sur les sous-tons de la peau, des yeux et des cheveux naturels. En 2026, l\u2019approche s\u2019est largement d\u00e9mocratis\u00e9e et de nombreux outils digitaux permettent une premi\u00e8re orientation, mais rien ne vaut l\u2019\u0153il d\u2019un coiffeur professionnel pour affiner les choix.<\/p>\n\n<p class=\"wp-block-paragraph\">Le principe est simple : chaque saison (Printemps, \u00c9t\u00e9, Automne, Hiver) renvoie \u00e0 une palette de couleurs qui mettent en valeur l\u2019ensemble du visage, pas seulement les cheveux. Par exemple, les personnes \u201cPrintemps\u201d ont des sous-tons chauds et lumineux, ce qui se marie \u00e0 merveille avec un blond dor\u00e9 ou un caramel, tandis que les profils \u201cHiver\u201d, aux sous-tons froids, rayonnent avec du brun profond, du noir ou m\u00eame du blond tr\u00e8s clair pour des contrastes marqu\u00e9s. Pour identifier sa saison, plusieurs crit\u00e8res sont observ\u00e9s : couleur du contour de l\u2019iris, veinules du poignet, r\u00e9action aux bijoux dor\u00e9s ou argent\u00e9s, et surtout, ressenti global devant diff\u00e9rentes teintes de textiles ou de m\u00e8ches.<\/p>\n\n<p class=\"wp-block-paragraph\">Un test de colorim\u00e9trie peut s\u2019effectuer en ligne, comme propos\u00e9 par <a href=\"https:\/\/www.saint-martin-coiffure.fr\/blog\/comment-appelle-t-on-les-professionnels-de-la-couleur-en-coiffure\">ce guide sur les professionnels de la couleur en coiffure<\/a> ou lors d\u2019un rendez-vous en salon. On commence toujours par une analyse \u00e0 la lumi\u00e8re naturelle, sans maquillage, pour \u00e9viter toute fausse piste. Cette d\u00e9marche rassure et oriente vers des nuances cheveux susceptibles de magnifier l\u2019expression du visage.<\/p>\n\n<p class=\"wp-block-paragraph\">Pour accompagner cette r\u00e9flexion, un nuancier cheveux reste un outil incontournable. Selon la saison d\u00e9tect\u00e9e, il devient facile d\u2019exclure ou de privil\u00e9gier certaines couleurs de cheveux. Par exemple, une peau terne sous certaines lumi\u00e8res pourrait se r\u00e9v\u00e9ler \u00e9clatante avec une nuance adapt\u00e9e \u00e0 la saison estivale. En 2026, les tendances coloration prennent toujours en compte la colorim\u00e9trie, avec de plus en plus de teintes sur-mesure propos\u00e9es par les coiffeurs professionnels. Le mieux est de profiter de leur expertise pour composer une palette unique, respectueuse de la nature et de l\u2019histoire capillaire de chacun.<\/p>\n\n<h2 class=\"wp-block-heading\"><span class=\"ez-toc-section\" id=\"Associer-couleur-de-cheveux-et-carnation-les-bonnes-pratiques\"><\/span>Associer couleur de cheveux et carnation : les bonnes pratiques<span class=\"ez-toc-section-end\"><\/span><\/h2>\n\n<p class=\"wp-block-paragraph\">L\u2019accord entre la couleur de cheveux et la couleur de la peau fait toute la diff\u00e9rence sur le rendu final. Pour mettre r\u00e9ellement son visage en valeur, il suffit souvent d\u2019une l\u00e9g\u00e8re adaptation couleur peau. Par exemple, sur une carnation claire \u00e0 dominante froide (dite \u201chiver\u201d), l\u2019id\u00e9al coloration sera compos\u00e9e de nuances froides comme le brun fum\u00e9, le noir ou un blond polaire. Inversement, une peau ensoleill\u00e9e ou dor\u00e9e (profil \u201cautomne\u201d ou \u201cprintemps\u201d) s\u2019illumine avec des tonalit\u00e9s chaudes, de l\u2019acajou, du cuivre, voire des reflets miel. <\/p>\n\n<p class=\"wp-block-paragraph\">Dans la pratique, il est fr\u00e9quent de voir des erreurs, comme l\u2019application d\u2019un blond cendr\u00e9 sur une personne aux tons chauds, entra\u00eenant un effet \u201cterne\u201d et fatigant. Les conseils d\u2019un coiffeur professionnel deviennent alors indispensables pour \u00e9viter toute erreur irr\u00e9versible \u2013 ou pour proposer, lorsque l\u2019on souhaite exp\u00e9rimenter, une adaptation par petites touches via balayages ou patines, moins radicales qu\u2019une teinte uniforme. Cette approche progressive est pl\u00e9biscit\u00e9e, car elle permet de s\u2019approprier la couleur et d\u2019en mesurer les effets sur la luminosit\u00e9 du visage.<\/p>\n\n<p class=\"wp-block-paragraph\">Les tendances coloration 2026 mettent aussi l\u2019accent sur le respect de la fibre. Inutile d\u2019opter pour une teinte qui vous pla\u00eet visuellement mais qui ne vous rend pas rayonnant(e) une fois en place. Parfois, le coiffeur propose un m\u00e9lange de plusieurs nuances cheveux pour cr\u00e9er une harmonie subtile et unique. Bien choisir sa couleur de cheveux, c\u2019est donc souvent accepter un compromis entre l\u2019envie, la faisabilit\u00e9 technique et la sublification du teint.<\/p>\n\n<ul class=\"wp-block-list\"><li>Pour les peaux claires : privil\u00e9gier les blonds doux, marron glac\u00e9, roux cuivr\u00e9s.<\/li><li>Pour les peaux mates : essayer les ch\u00e2tains dor\u00e9s, auburn, chocolat ou caramel.<\/li><li>Pour les peaux fonc\u00e9es : explorer les noirs profonds, bruns chauds, bordeaux intenses.<\/li><\/ul>\n\n<p class=\"wp-block-paragraph\">Si vous h\u00e9sitez, il peut \u00eatre utile de lire <a href=\"https:\/\/www.saint-martin-coiffure.fr\/blog\/quelle-couleur-choisir-avant-ou-apres-une-permanente-chez-le-coiffeur\">cet article sur le choix des couleurs avant ou apr\u00e8s permanente<\/a> qui illustre bien l\u2019impact des bases naturelles sur le choix de la teinte. Un bon rep\u00e8re est d\u2019opter pour une variation n\u2019exc\u00e9dant pas deux tons par rapport \u00e0 la base : un \u00e9cart trop grand cr\u00e9e souvent un effet moins harmonieux, alors qu\u2019un l\u00e9ger changement accentue l\u2019\u00e9clat du teint et pr\u00e9serve la vitalit\u00e9 de la fibre capillaire.<\/p>\n\n<h2 class=\"wp-block-heading\"><span class=\"ez-toc-section\" id=\"Trouver-son-style-de-coloration-harmoniser-tendances-et-personnalisation\"><\/span>Trouver son style de coloration : harmoniser tendances et personnalisation<span class=\"ez-toc-section-end\"><\/span><\/h2>\n\n<p class=\"wp-block-paragraph\">L\u2019offre des styles cheveux et des possibles en coloration n\u2019a jamais \u00e9t\u00e9 aussi vaste qu\u2019en 2026. Les couleurs classiques comme le brun glac\u00e9, le blond dor\u00e9 ou le roux cuivr\u00e9 c\u00f4toient aujourd\u2019hui des nuances cheveux plus audacieuses : rose pastel, bleu nuit, bicolores, ombr\u00e9s color\u00e9s. Face \u00e0 l\u2019abondance de choix, il est sage de se demander quel look refl\u00e8te v\u00e9ritablement sa personnalit\u00e9 et s\u2019int\u00e8gre \u00e0 son mode de vie.<\/p>\n\n<p class=\"wp-block-paragraph\">Un coiffeur professionnel prend toujours en compte la coupe, la longueur, la nature et la densit\u00e9 des cheveux pour ajuster la technique de teinture cheveux. Les cheveux fins supportent difficilement des d\u00e9capages r\u00e9p\u00e9t\u00e9s, alors que les cheveux \u00e9pais peuvent accueillir des nuances plus soutenues sans se fragiliser. Parmi les techniques \u00e0 la mode, on retrouve encore cette ann\u00e9e le balayage qui borde le visage de reflets lumineux, ou la coloration par touches subtiles, pour un effet retour de vacances tr\u00e8s demand\u00e9.<\/p>\n\n<p class=\"wp-block-paragraph\">Pour personnaliser votre choix, demandez \u00e0 voir un nuancier, testez virtuellement la teinte gr\u00e2ce aux applications mobiles, et discutez de vos alternatives avec votre professionnel. S\u2019il le faut, optez d\u2019abord pour une couleur temporaire, plus simple \u00e0 rattraper si besoin. Les couleurs de cheveux id\u00e9ales ne sont pas forc\u00e9ment celles des mannequins des publicit\u00e9s : elles sont celles qui correspondent \u00e0 vos envies profondes, votre rythme de vie et votre routine capillaire.<\/p>\n\n<ul class=\"wp-block-list\"><li>Les tendances 2026 : blonds dor\u00e9s doux, bruns lumineux, roux naturels et pastels discrets.<\/li><li>D\u00e9grad\u00e9s et balayages naturels, pour un fini subtil et facile d\u2019entretien.<\/li><li>Les nuances froides et chaudes selon les saisons colorim\u00e9triques.<\/li><\/ul>\n\n<p class=\"wp-block-paragraph\">Trouver son style implique aussi d\u2019imaginer l\u2019entretien, le budget et l\u2019impact sur la sant\u00e9 du cheveu. Si une couleur vous s\u00e9duit mais n\u00e9cessite un rituel sophistiqu\u00e9, discutez-en franchement avec votre coiffeur. La sinc\u00e9rit\u00e9 et l\u2019\u00e9change sont vos meilleurs atouts pour obtenir le r\u00e9sultat esp\u00e9r\u00e9, sans surprise \u00e0 la sortie du salon.<\/p>\n\n<h2 class=\"wp-block-heading\"><span class=\"ez-toc-section\" id=\"Prendre-soin-de-sa-coloration-et-anticiper-les-erreurs-courantes\"><\/span>Prendre soin de sa coloration et anticiper les erreurs courantes<span class=\"ez-toc-section-end\"><\/span><\/h2>\n\n<p class=\"wp-block-paragraph\">Une couleur de cheveux fra\u00eechement pos\u00e9e peut transformer l\u2019image que l\u2019on a de soi du tout au tout. Pourtant, la vraie r\u00e9ussite ne r\u00e9side pas seulement dans le premier effet \u201cwahou\u201d \u00e0 la sortie du salon, mais dans la mani\u00e8re dont la couleur \u00e9volue au fil des semaines. Les conseils coiffure des experts sont pr\u00e9cieux pour p\u00e9renniser le rendu et \u00e9viter les d\u00e9convenues fr\u00e9quentes telles que le ternissement, le jaunissement ou la cassure de la fibre.<\/p>\n\n<p class=\"wp-block-paragraph\">Le premier conseil pour pr\u00e9server la brillance et la force de la teinte, c\u2019est d\u2019adopter des soins sp\u00e9cifiques d\u00e8s le retour \u00e0 la maison : shampooing protecteur, masque hydratant, protection UV si exposition au soleil. Il est aussi capital de bien espacer les shampooings dans les premiers jours. Pour approfondir cette question tr\u00e8s fr\u00e9quente, <a href=\"https:\/\/www.saint-martin-coiffure.fr\/blog\/quand-et-comment-laver-ses-cheveux-apres-un-balayage-chez-le-coiffeur\">cet article sur les bonnes pratiques apr\u00e8s balayage<\/a> est une lecture recommand\u00e9e pour toutes celles et ceux qui adorent leur couleur mais s\u2019interrogent sur le bon timing pour laver leurs cheveux.<\/p>\n\n<p class=\"wp-block-paragraph\">Autre erreur tr\u00e8s courante : vouloir modifier trop rapidement sa teinte d\u2019origine sans tenir compte des limitations de la fibre. Passer d\u2019un brun profond \u00e0 un blond clair demande technique, patience et plusieurs s\u00e9ances espac\u00e9es. Le coiffeur professionnel saura mesurer la r\u00e9sistance de vos cheveux, anticiper les r\u00e9actions inattendues (comme le vert sur cheveux sensibilis\u00e9s) et proposer des solutions adapt\u00e9es. M\u00eame si les tendances coloration peuvent donner envie de changements fr\u00e9quents, il est sage d\u2019attendre au moins un mois entre deux grandes transformations pour pr\u00e9server la structure du cheveu.<\/p>\n\n<ul class=\"wp-block-list\"><li>Utiliser des produits sans sulfates pour la routine post-coloration.<\/li><li>\u00c9viter les sources de chaleur intenses juste apr\u00e8s une teinture cheveux.<\/li><li>R\u00e9aliser des retouches r\u00e9guli\u00e8res pour maintenir l\u2019\u00e9clat.<\/li><li>Consulter son coiffeur si la couleur de cheveux \u00e9volue anormalement vite (d\u00e9gorgement, perte d\u2019intensit\u00e9).<\/li><\/ul>\n\n<p class=\"wp-block-paragraph\">Envisager les impr\u00e9vus, c\u2019est aussi conna\u00eetre les bons gestes en cas d\u2019\u00e9chec ou de surprise apr\u00e8s la prestation. Si la teinte ne correspond pas \u00e0 vos attentes, mieux vaut en discuter rapidement avec le salon afin d\u2019obtenir des rectifications appropri\u00e9es, comme l\u2019indique cette ressource pratique sur <a href=\"https:\/\/www.saint-martin-coiffure.fr\/blog\/quel-recours-lorsque-la-couleur-chez-le-coiffeur-est-ratee\">les recours en cas de coloration rat\u00e9e<\/a>. S\u2019informer et anticiper reste la cl\u00e9 pour arborer une chevelure \u00e9clatante et saine tout au long de l\u2019ann\u00e9e.<\/p>\n\n<h2 class=\"wp-block-heading\"><span class=\"ez-toc-section\" id=\"Des-conseils-pratiques-pour-faire-le-bon-choix-de-couleur-de-cheveux-chez-le-coiffeur\"><\/span>Des conseils pratiques pour faire le bon choix de couleur de cheveux chez le coiffeur<span class=\"ez-toc-section-end\"><\/span><\/h2>\n\n<p class=\"wp-block-paragraph\">Avant de finaliser votre d\u00e9cision, il est conseill\u00e9 de faire une vraie pause r\u00e9flexion, tout en gardant l\u2019esprit ouvert sur vos attentes. Opter pour la couleur de cheveux id\u00e9ale, c\u2019est souvent suivre autant ses envies que le r\u00e9sultat du diagnostic colorim\u00e9trique. Discutez avec votre coiffeur professionnel de votre projet, montrez des photos qui illustrent vos inspirations mais acceptez de moduler selon ce qui vous met le plus en valeur selon les saisons de la colorim\u00e9trie.<\/p>\n\n<ul class=\"wp-block-list\"><li>R\u00e9alisez un test colorim\u00e9trique pr\u00e9alable (en ligne ou en salon).<\/li><li>Demandez \u00e0 voir plusieurs m\u00e8ches ou nuanciers en situation r\u00e9elle.<\/li><li>N\u2019h\u00e9sitez pas \u00e0 tester la teinte temporairement avant de passer \u00e0 une coloration d\u00e9finitive.<\/li><li>Soyez attentif \u00e0 la sant\u00e9 et \u00e0 la nature de vos cheveux, pour ne pas acc\u00e9l\u00e9rer l\u2019usure ou la s\u00e9cheresse.<\/li><\/ul>\n\n<p class=\"wp-block-paragraph\">L\u2019exp\u00e9rience d\u2019un rendez-vous en salon est toujours enrichissante, car elle m\u00eale expertise technique et service sur-mesure. Le dialogue, la confiance et la connaissance de vos habitudes sont, avec la colorim\u00e9trie, les meilleurs atouts pour choisir couleur cheveux qui vous ressemble. Les styles cheveux et la teinture cheveux \u00e9voluent, mais l\u2019id\u00e9al coloration restera toujours celui qui vous offre un sentiment de bien-\u00eatre, de fra\u00eecheur et d\u2019authenticit\u00e9 \u00e0 chaque regard dans le miroir.<\/p>\n\n","protected":false},"excerpt":{"rendered":"<p>Choisir la couleur de cheveux qui r\u00e9v\u00e9lera parfaitement votre personnalit\u00e9 et sublimera votre visage n\u2019a jamais \u00e9t\u00e9 aussi passionnant. Avec [&hellip;]<\/p>\n","protected":false},"author":7,"featured_media":5963,"comment_status":"open","ping_status":"close","sticky":false,"template":"","format":"standard","meta":{"_crdt_document":"","site-sidebar-layout":"default","site-content-layout":"","ast-site-content-layout":"default","site-content-style":"default","site-sidebar-style":"default","ast-global-header-display":"","ast-banner-title-visibility":"","ast-main-header-display":"","ast-hfb-above-header-display":"","ast-hfb-below-header-display":"","ast-hfb-mobile-header-display":"","site-post-title":"","ast-breadcrumbs-content":"","ast-featured-img":"","footer-sml-layout":"","ast-disable-related-posts":"","theme-transparent-header-meta":"","adv-header-id-meta":"","stick-header-meta":"","header-above-stick-meta":"","header-main-stick-meta":"","header-below-stick-meta":"","astra-migrate-meta-layouts":"default","ast-page-background-enabled":"default","ast-page-background-meta":{"desktop":{"background-color":"var(--ast-global-color-4)","background-image":"","background-repeat":"repeat","background-position":"center center","background-size":"auto","background-attachment":"scroll","background-type":"","background-media":"","overlay-type":"","overlay-color":"","overlay-opacity":"","overlay-gradient":""},"tablet":{"background-color":"","background-image":"","background-repeat":"repeat","background-position":"center center","background-size":"auto","background-attachment":"scroll","background-type":"","background-media":"","overlay-type":"","overlay-color":"","overlay-opacity":"","overlay-gradient":""},"mobile":{"background-color":"","background-image":"","background-repeat":"repeat","background-position":"center center","background-size":"auto","background-attachment":"scroll","background-type":"","background-media":"","overlay-type":"","overlay-color":"","overlay-opacity":"","overlay-gradient":""}},"ast-content-background-meta":{"desktop":{"background-color":"var(--ast-global-color-5)","background-image":"","background-repeat":"repeat","background-position":"center center","background-size":"auto","background-attachment":"scroll","background-type":"","background-media":"","overlay-type":"","overlay-color":"","overlay-opacity":"","overlay-gradient":""},"tablet":{"background-color":"var(--ast-global-color-5)","background-image":"","background-repeat":"repeat","background-position":"center center","background-size":"auto","background-attachment":"scroll","background-type":"","background-media":"","overlay-type":"","overlay-color":"","overlay-opacity":"","overlay-gradient":""},"mobile":{"background-color":"var(--ast-global-color-5)","background-image":"","background-repeat":"repeat","background-position":"center center","background-size":"auto","background-attachment":"scroll","background-type":"","background-media":"","overlay-type":"","overlay-color":"","overlay-opacity":"","overlay-gradient":""}},"footnotes":""},"categories":[1547],"tags":[],"class_list":["post-5964","post","type-post","status-publish","format-standard","has-post-thumbnail","hentry","category-coloration"],"_links":{"self":[{"href":"https:\/\/www.saint-martin-coiffure.fr\/blog\/wp-json\/wp\/v2\/posts\/5964","targetHints":{"allow":["GET"]}}],"collection":[{"href":"https:\/\/www.saint-martin-coiffure.fr\/blog\/wp-json\/wp\/v2\/posts"}],"about":[{"href":"https:\/\/www.saint-martin-coiffure.fr\/blog\/wp-json\/wp\/v2\/types\/post"}],"author":[{"embeddable":true,"href":"https:\/\/www.saint-martin-coiffure.fr\/blog\/wp-json\/wp\/v2\/users\/7"}],"replies":[{"embeddable":true,"href":"https:\/\/www.saint-martin-coiffure.fr\/blog\/wp-json\/wp\/v2\/comments?post=5964"}],"version-history":[{"count":0,"href":"https:\/\/www.saint-martin-coiffure.fr\/blog\/wp-json\/wp\/v2\/posts\/5964\/revisions"}],"wp:featuredmedia":[{"embeddable":true,"href":"https:\/\/www.saint-martin-coiffure.fr\/blog\/wp-json\/wp\/v2\/media\/5963"}],"wp:attachment":[{"href":"https:\/\/www.saint-martin-coiffure.fr\/blog\/wp-json\/wp\/v2\/media?parent=5964"}],"wp:term":[{"taxonomy":"category","embeddable":true,"href":"https:\/\/www.saint-martin-coiffure.fr\/blog\/wp-json\/wp\/v2\/categories?post=5964"},{"taxonomy":"post_tag","embeddable":true,"href":"https:\/\/www.saint-martin-coiffure.fr\/blog\/wp-json\/wp\/v2\/tags?post=5964"}],"curies":[{"name":"wp","href":"https:\/\/api.w.org\/{rel}","templated":true}]}}