{"id":5961,"date":"2026-04-27T12:32:58","date_gmt":"2026-04-27T10:32:58","guid":{"rendered":"https:\/\/www.saint-martin-coiffure.fr\/blog\/comment-appelle-t-on-les-professionnels-de-la-couleur-en-coiffure"},"modified":"2026-04-27T12:32:58","modified_gmt":"2026-04-27T10:32:58","slug":"comment-appelle-t-on-les-professionnels-de-la-couleur-en-coiffure","status":"publish","type":"post","link":"https:\/\/www.saint-martin-coiffure.fr\/blog\/comment-appelle-t-on-les-professionnels-de-la-couleur-en-coiffure","title":{"rendered":"Comment appelle-t-on les professionnels de la couleur en coiffure ?"},"content":{"rendered":"<p class=\"wp-block-paragraph\">Qui n\u2019a jamais entendu parler du <strong>coloriste<\/strong> en salon de coiffure en cherchant \u00e0 changer de t\u00eate ou \u00e0 raviver une couleur d\u00e9fra\u00eechie ? Derri\u00e8re ce terme se cache tout un univers de techniques et de savoir-faire. L\u2019expertise du <strong>technicien couleur<\/strong> intrigue souvent : qui sont ceux qui transforment la chevelure, jouent avec reflets, nuances et subtile harmonie entre visage et carnation ? Ce m\u00e9tier central du secteur coiffure attire par la pr\u00e9cision et le sens artistique qu\u2019il exige, mais reste parfois m\u00e9connu dans ses sp\u00e9cificit\u00e9s.<\/p>\n\n<p class=\"wp-block-paragraph\">Tout le monde n\u2019est pas fait pour manier la coloration. Que ce soit par passion esth\u00e9tique ou par souci de perfection technique, les <strong>professionnels de la couleur en coiffure<\/strong> sont form\u00e9s \u00e0 bien plus que de simples applications de teintes et de m\u00e8ches. Leur expertise, sans cesse renouvel\u00e9e par les tendances et les attentes des clients, leur permet de magnifier les coupes et sublimer les personnalit\u00e9s. \u00c0 travers diff\u00e9rentes sp\u00e9cialit\u00e9s \u2013 du <strong>coiffeur coloriste<\/strong> au <strong>styliste couleur<\/strong> jusqu\u2019\u00e0 l\u2019<strong>artiste coloriste<\/strong> ou l\u2019<strong>expert en teinture<\/strong>\u2013, chacun apporte sa touche et ses conseils personnalis\u00e9s.<\/p>\n\n<p class=\"wp-block-paragraph\"><strong>En bref :<\/strong><\/p>\n\n<ul class=\"wp-block-list\"><li>Un <strong>coloriste<\/strong> est un <strong>coiffeur sp\u00e9cialis\u00e9<\/strong> dans la coloration des cheveux, ma\u00eetrisant techniques et m\u00e9langes.<\/li><li>Les termes \u201c<strong>technicien couleur<\/strong>\u201d, \u201c<strong>sp\u00e9cialiste coloration<\/strong>\u201d ou \u201c<strong>styliste couleur<\/strong>\u201d refl\u00e8tent la diversit\u00e9 des m\u00e9tiers autour de la couleur.<\/li><li>L\u2019expertise repose sur la connaissance de la colorim\u00e9trie, des produits et sur un sens aigu de l\u2019\u00e9coute et du conseil.<\/li><li>L\u2019acc\u00e8s \u00e0 ce m\u00e9tier se fait g\u00e9n\u00e9ralement apr\u00e8s un CAP, avec des \u00e9volutions possibles vers l\u2019ind\u00e9pendance ou des responsabilit\u00e9s en salon.<\/li><li>Les professionnels sont sollicit\u00e9s aussi bien en salon que pour des prestations \u00e0 domicile ou dans l\u2019univers artistique.<\/li><\/ul>\n\n<div id=\"ez-toc-container\" class=\"ez-toc-v2_0_82_2 counter-hierarchy ez-toc-counter ez-toc-custom ez-toc-container-direction\">\n<div class=\"ez-toc-title-container\">\n<div class=\"ez-toc-title ez-toc-toggle\" style=\"cursor:pointer\">Sommaire : <\/div>\n<span class=\"ez-toc-title-toggle\"><a href=\"#\" class=\"ez-toc-pull-right ez-toc-btn ez-toc-btn-xs ez-toc-btn-default ez-toc-toggle\" aria-label=\"Toggle Table of Content\"><span class=\"ez-toc-js-icon-con\"><span class=\"\"><span class=\"eztoc-hide\" style=\"display:none;\">Toggle<\/span><span class=\"ez-toc-icon-toggle-span\"><svg style=\"fill: #545454;color:#545454\" xmlns=\"http:\/\/www.w3.org\/2000\/svg\" class=\"list-377408\" width=\"20px\" height=\"20px\" viewBox=\"0 0 24 24\" fill=\"none\"><path d=\"M6 6H4v2h2V6zm14 0H8v2h12V6zM4 11h2v2H4v-2zm16 0H8v2h12v-2zM4 16h2v2H4v-2zm16 0H8v2h12v-2z\" fill=\"currentColor\"><\/path><\/svg><svg style=\"fill: #545454;color:#545454\" class=\"arrow-unsorted-368013\" xmlns=\"http:\/\/www.w3.org\/2000\/svg\" width=\"10px\" height=\"10px\" viewBox=\"0 0 24 24\" version=\"1.2\" baseProfile=\"tiny\"><path d=\"M18.2 9.3l-6.2-6.3-6.2 6.3c-.2.2-.3.4-.3.7s.1.5.3.7c.2.2.4.3.7.3h11c.3 0 .5-.1.7-.3.2-.2.3-.5.3-.7s-.1-.5-.3-.7zM5.8 14.7l6.2 6.3 6.2-6.3c.2-.2.3-.5.3-.7s-.1-.5-.3-.7c-.2-.2-.4-.3-.7-.3h-11c-.3 0-.5.1-.7.3-.2.2-.3.5-.3.7s.1.5.3.7z\"\/><\/svg><\/span><\/span><\/span><\/a><\/span><\/div>\n<nav><ul class='ez-toc-list ez-toc-list-level-1 ' ><li class='ez-toc-page-1 ez-toc-heading-level-2'><a class=\"ez-toc-link ez-toc-heading-1\" href=\"https:\/\/www.saint-martin-coiffure.fr\/blog\/comment-appelle-t-on-les-professionnels-de-la-couleur-en-coiffure\/#Le-metier-de-coloriste-des-specialistes-de-la-transformation-capillaire\" >Le m\u00e9tier de coloriste : des sp\u00e9cialistes de la transformation capillaire<\/a><\/li><li class='ez-toc-page-1 ez-toc-heading-level-2'><a class=\"ez-toc-link ez-toc-heading-2\" href=\"https:\/\/www.saint-martin-coiffure.fr\/blog\/comment-appelle-t-on-les-professionnels-de-la-couleur-en-coiffure\/#Les-differentes-appellations-des-professionnels-de-la-couleur-en-coiffure\" >Les diff\u00e9rentes appellations des professionnels de la couleur en coiffure<\/a><\/li><li class='ez-toc-page-1 ez-toc-heading-level-2'><a class=\"ez-toc-link ez-toc-heading-3\" href=\"https:\/\/www.saint-martin-coiffure.fr\/blog\/comment-appelle-t-on-les-professionnels-de-la-couleur-en-coiffure\/#Maitriser-les-techniques-et-tendances-le-coeur-du-metier-de-coloriste\" >Ma\u00eetriser les techniques et tendances : le c\u0153ur du m\u00e9tier de coloriste<\/a><\/li><li class='ez-toc-page-1 ez-toc-heading-level-2'><a class=\"ez-toc-link ez-toc-heading-4\" href=\"https:\/\/www.saint-martin-coiffure.fr\/blog\/comment-appelle-t-on-les-professionnels-de-la-couleur-en-coiffure\/#Le-parcours-la-formation-et-lenvironnement-de-travail-dun-coloriste\" >Le parcours, la formation et l\u2019environnement de travail d\u2019un coloriste<\/a><\/li><li class='ez-toc-page-1 ez-toc-heading-level-2'><a class=\"ez-toc-link ez-toc-heading-5\" href=\"https:\/\/www.saint-martin-coiffure.fr\/blog\/comment-appelle-t-on-les-professionnels-de-la-couleur-en-coiffure\/#Conseils-pratiques-pour-bien-choisir-son-professionnel-de-la-couleur\" >Conseils pratiques pour bien choisir son professionnel de la couleur<\/a><\/li><\/ul><\/nav><\/div>\n<h2 class=\"wp-block-heading\"><span class=\"ez-toc-section\" id=\"Le-metier-de-coloriste-des-specialistes-de-la-transformation-capillaire\"><\/span>Le m\u00e9tier de coloriste : des sp\u00e9cialistes de la transformation capillaire<span class=\"ez-toc-section-end\"><\/span><\/h2>\n\n<p class=\"wp-block-paragraph\">Dans l\u2019univers des salons de coiffure, le terme <strong>coloriste<\/strong> d\u00e9signe le <strong>coiffeur sp\u00e9cialis\u00e9 couleur<\/strong>, celui ou celle pour qui la technique n\u2019a plus de secret. Un <strong>coloriste professionnel<\/strong> commence souvent son parcours comme assistant de salon ou shampouineur, pour se perfectionner ensuite sur les m\u00e9langes, l&rsquo;application des produits et la compr\u00e9hension des attentes des clients. La coloration capillaire engage de multiples comp\u00e9tences : lecture du nuancier, choix des oxydants, respect de la nature du cheveu mais aussi connaissance de la colorim\u00e9trie et de la biologie du cheveu.<\/p>\n\n<p class=\"wp-block-paragraph\">La mission de l\u2019<strong>expert en teinture<\/strong> ne s\u2019arr\u00eate pas \u00e0 l\u2019application d\u2019une couleur. Il ou elle doit d\u2019abord savoir observer la chevelure, \u00e9couter les envies, puis conseiller selon la carnation, la forme du visage ou encore la coupe existante. Les outils \u00e0 disposition ont \u00e9volu\u00e9, mais la passion et la curiosit\u00e9 restent intactes : entre le choix d\u2019un <a href=\"https:\/\/www.saint-martin-coiffure.fr\/blog\/combien-de-couleurs-peut-on-obtenir-avec-un-tube-de-couleur-pour-coiffeur\">nuancier<\/a> et le m\u00e9lange sur-mesure, chaque geste compte.<\/p>\n\n<p class=\"wp-block-paragraph\">Le <strong>styliste couleur<\/strong> ma\u00eetrise aussi l&rsquo;accompagnement, qu&rsquo;il s&rsquo;agisse de teinture, de m\u00e8ches, de balayage ou de technique ombr\u00e9. La sensibilit\u00e9 \u00e0 la mode et la cr\u00e9ativit\u00e9 font la diff\u00e9rence, car il s\u2019agit d\u2019apporter \u00e9clat et bonne mine, tout en pr\u00e9servant la sant\u00e9 des cheveux. Le dialogue constant avec le client fait partie int\u00e9grante du r\u00f4le : comprendre l\u2019objectif recherch\u00e9, pr\u00e9venir les faux reflets ou encore adapter la technique \u00e0 la qualit\u00e9 de la fibre capillaire.<\/p>\n\n<p class=\"wp-block-paragraph\">Ce m\u00e9tier exigeant conna\u00eet ses d\u00e9fis. Passer plusieurs heures debout, g\u00e9rer les contraintes horaires et physiques, tenir le rythme d\u2019un salon anim\u00e9\u2026 mais il se hisse aussi comme la solution id\u00e9ale pour les personnes exigeantes, soucieuses d\u2019un r\u00e9sultat professionnel. Rien ne remplace l\u2019\u0153il du <strong>coloriste<\/strong> pour sublimer une coupe ou transformer radicalement un look. Ses comp\u00e9tences, \u00e9valu\u00e9es \u00e0 chaque rendez-vous, font de lui un atout pr\u00e9cieux dans toute \u00e9quipe coiffure.<\/p>\n\n<h2 class=\"wp-block-heading\"><span class=\"ez-toc-section\" id=\"Les-differentes-appellations-des-professionnels-de-la-couleur-en-coiffure\"><\/span>Les diff\u00e9rentes appellations des professionnels de la couleur en coiffure<span class=\"ez-toc-section-end\"><\/span><\/h2>\n\n<p class=\"wp-block-paragraph\">Quand on parle de teinture en coiffure, la palette de titres professionnels est aussi riche que celle des colorations propos\u00e9es. Chaque terme met en lumi\u00e8re une nuance du m\u00e9tier. Le plus courant demeure bien s\u00fbr <strong>coloriste<\/strong>, largement utilis\u00e9 en France et reconnu dans l\u2019ensemble du secteur. C\u2019est le professionnel r\u00e9f\u00e9rent d\u00e8s lors qu\u2019il s\u2019agit de jouer avec nuances, reflets et d\u00e9grad\u00e9s.<\/p>\n\n<p class=\"wp-block-paragraph\">Cependant, selon les salons, on rencontre aussi les titres de <strong>technicien couleur<\/strong> pour d\u00e9signer l\u2019expert technique capable d\u2019effectuer diagnostics, choix du produit, application et contr\u00f4le du r\u00e9sultat. Ce titre valorise la dimension scientifique et m\u00e9thodique du m\u00e9tier et souligne l\u2019importance de la rigueur. Le <strong>sp\u00e9cialiste coloration<\/strong> va plus loin, en mettant l\u2019accent sur la personnalisation du conseil et la ma\u00eetrise des diff\u00e9rentes familles de produits, de la coloration temporaire \u00e0 la permanente.<\/p>\n\n<p class=\"wp-block-paragraph\">Le <strong>styliste couleur<\/strong> apporte une dimension cr\u00e9ative suppl\u00e9mentaire. Ce professionnel imagine des transformations, conseille sur les effets mode, harmonise la couleur aux traits du visage. Pour les prestations artistiques ou \u00e9v\u00e9nementielles, il n\u2019est pas rare d\u2019entendre aussi parler d\u2019<strong>artiste coloriste<\/strong>, dont la dext\u00e9rit\u00e9 permet de r\u00e9aliser des cr\u00e9ations sophistiqu\u00e9es dignes des podiums ou des shootings photo.<\/p>\n\n<p class=\"wp-block-paragraph\">Moins courant, le terme <strong>conseiller en couleur<\/strong> insiste sur l\u2019accompagnement, essentiel quand il s\u2019agit de pr\u00e9venir les faux-pas ou de choisir un reflet adapt\u00e9 \u00e0 chaque personnalit\u00e9. Tous ces professionnels se retrouvent autour d\u2019objectifs communs : valoriser la chevelure, prot\u00e9ger la fibre capillaire, anticiper le r\u00e9sultat final et garantir la tenue de la couleur. Cette diversit\u00e9 d\u2019appellations rassure le client, qui sait pouvoir compter sur un interlocuteur vraiment cal\u00e9 sur la question.<\/p>\n\n<h2 class=\"wp-block-heading\"><span class=\"ez-toc-section\" id=\"Maitriser-les-techniques-et-tendances-le-coeur-du-metier-de-coloriste\"><\/span>Ma\u00eetriser les techniques et tendances : le c\u0153ur du m\u00e9tier de coloriste<span class=\"ez-toc-section-end\"><\/span><\/h2>\n\n<p class=\"wp-block-paragraph\">Pour r\u00e9pondre \u00e0 toutes les attentes, le <strong>coloriste professionnel<\/strong> se doit de conna\u00eetre un \u00e9ventail gigantesque de styles et de techniques. Loin de se limiter aux colorations classiques, il embrasse des proc\u00e9d\u00e9s aussi divers que le <a href=\"https:\/\/www.saint-martin-coiffure.fr\/blog\/quelle-est-la-difference-entre-reflet-et-balayage-en-coiffure\">balayage<\/a> californien, l\u2019ombr\u00e9 hair ou les nuances pastel. Savoir choisir entre une couleur permanente, semi-permanente, v\u00e9g\u00e9tale ou fugace demande une solide formation et une curiosit\u00e9 \u00e0 toute \u00e9preuve.<\/p>\n\n<p class=\"wp-block-paragraph\">Un rendez-vous avec un <strong>artiste coloriste<\/strong> commence ainsi souvent par une discussion approfondie : nature du cheveu, historique des colorations, attentes pr\u00e9cises et habitudes de soin. Puis vient le choix du produit, o\u00f9 l\u2019<strong>expert en teinture<\/strong> s\u00e9lectionne soigneusement les pigments, la force d\u2019oxydation et le temps de pose pour garantir la meilleure tenue du reflet. L\u2019application n\u2019est pas qu\u2019un geste m\u00e9canique : elle r\u00e9clame adresse, sym\u00e9trie et rapidit\u00e9. Chaque m\u00e8che doit \u00eatre parfaitement isol\u00e9e, chaque repousse trait\u00e9e avec douceur.<\/p>\n\n<p class=\"wp-block-paragraph\">Au fil des ann\u00e9es, les colorations sont devenues plus douces, sans sacrifier la puissance ou l\u2019intensit\u00e9 de la teinte. Les mots d\u2019ordre sont d\u00e9sormais respect du cuir chevelu, confort du client et \u00e9clat longue dur\u00e9e. Un bon <strong>conseiller en couleur<\/strong> ne laisse rien au hasard : il \u00e9voque le futur entretien, propose des produits adapt\u00e9s et anticipe les r\u00e9actions du cheveu, surtout apr\u00e8s une d\u00e9coloration ou une transformation radicale.<\/p>\n\n<ul class=\"wp-block-list\"><li>Balayages subtils ou contrast\u00e9s<\/li><li>M\u00e8ches larges, fines ou effet soleil<\/li><li>Colorations racines ou globales<\/li><li>Reflets cuivr\u00e9s, froids ou naturels<\/li><li>Effets ombr\u00e9s, flashs ou cr\u00e9ations temporaires<\/li><\/ul>\n\n<p class=\"wp-block-paragraph\">Cette versatilit\u00e9 se retrouve dans les tendances : du blond polaire au roux flamboyant, du gris sophistiqu\u00e9 au brun profond, il faut rester \u00e0 l\u2019aff\u00fbt des nouveaut\u00e9s. Le <strong>styliste couleur<\/strong> en 2026 sait que chaque saison apporte son lot d\u2019envies, et chaque client cherche \u00e0 exprimer sa personnalit\u00e9 \u00e0 travers la couleur. En restant ouvert aux innovations, il accompagne les \u00e9volutions du secteur sans jamais perdre de vue la protection de la chevelure. C\u2019est cette alliance entre savoir-faire, innovation et sens du service qui explique le succ\u00e8s durable de la coloration en salon.<\/p>\n\n<h2 class=\"wp-block-heading\"><span class=\"ez-toc-section\" id=\"Le-parcours-la-formation-et-lenvironnement-de-travail-dun-coloriste\"><\/span>Le parcours, la formation et l\u2019environnement de travail d\u2019un coloriste<span class=\"ez-toc-section-end\"><\/span><\/h2>\n\n<p class=\"wp-block-paragraph\">Le m\u00e9tier de <strong>coloriste<\/strong> est accessible d\u00e8s le CAP coiffure, mais la reconnaissance passe souvent par une sp\u00e9cialisation ou l\u2019obtention du Brevet professionnel, un passage oblig\u00e9 pour ouvrir son propre salon. Les \u00e9coles de coiffure proposent aujourd\u2019hui des modules sp\u00e9cifiques sur la colorim\u00e9trie, la biologie du cheveu et la s\u00e9curit\u00e9 lors de la manipulation des produits. Commencer comme assistant offre l\u2019occasion d\u2019apprendre aux c\u00f4t\u00e9s de professionnels exp\u00e9riment\u00e9s et de comprendre les attentes des clients, avant d\u2019\u00eatre en autonomie au poste de <strong>technicien couleur<\/strong>.<\/p>\n\n<p class=\"wp-block-paragraph\">Ind\u00e9pendance et pers\u00e9v\u00e9rance sont n\u00e9cessaires dans la profession, surtout pour ceux qui souhaitent exercer en freelance et se d\u00e9placer au domicile des clients. Le <strong>coloriste professionnel<\/strong> doit en permanence jongler avec les contraintes physiques du m\u00e9tier : journ\u00e9es debout, horaires parfois larges, gestion du stress et adaptation \u00e0 des demandes multiples. Selon la taille du salon ou le nombre de clients, il peut \u00eatre amen\u00e9 \u00e0 prendre en charge la gestion des stocks, les commandes ou encore l\u2019int\u00e9gration de nouveaux produits innovants.<\/p>\n\n<p class=\"wp-block-paragraph\">L\u2019ambiance de travail varie selon l\u2019environnement : certains pr\u00e9f\u00e8rent la convivialit\u00e9 d\u2019un petit salon, d\u2019autres l\u2019effervescence d\u2019un \u00e9tablissement urbain branch\u00e9. Les coloristes sont aussi recherch\u00e9s par l\u2019industrie du spectacle, la mode ou les projets de tournage, o\u00f9 leur sens artistique s\u2019exprime pleinement. Les perspectives d\u2019\u00e9volution, apr\u00e8s quelques ann\u00e9es d\u2019exp\u00e9rience, permettent d\u2019acc\u00e9der \u00e0 des postes de manager, de formateur ou de cr\u00e9ateur ind\u00e9pendant.<\/p>\n\n<p class=\"wp-block-paragraph\">C\u00f4t\u00e9 r\u00e9mun\u00e9ration, un d\u00e9butant touche autour de 1 500 euros bruts mensuels, mais ces chiffres grimpent vite avec l\u2019anciennet\u00e9, les dipl\u00f4mes et bien s\u00fbr la notori\u00e9t\u00e9. Les professionnels qui se lancent \u00e0 leur compte peuvent optimiser leurs revenus, mais le r\u00e9seau et la r\u00e9putation se construisent pas \u00e0 pas. Dans tous les cas, ce secteur s\u00e9duit par la vari\u00e9t\u00e9 des parcours et par la richesse humaine, faite de rencontres, de cr\u00e9ativit\u00e9 et de reconnexion \u00e0 l\u2019estime de soi. Une vocation dynamique o\u00f9 chaque jour apporte son lot de d\u00e9fis et de gratifications.<\/p>\n\n<h2 class=\"wp-block-heading\"><span class=\"ez-toc-section\" id=\"Conseils-pratiques-pour-bien-choisir-son-professionnel-de-la-couleur\"><\/span>Conseils pratiques pour bien choisir son professionnel de la couleur<span class=\"ez-toc-section-end\"><\/span><\/h2>\n\n<p class=\"wp-block-paragraph\">Pour obtenir un r\u00e9sultat harmonieux et durable, le choix du bon <strong>coiffeur coloriste<\/strong> fait toute la diff\u00e9rence. Une premi\u00e8re astuce consiste \u00e0 v\u00e9rifier la sp\u00e9cialisation et l\u2019exp\u00e9rience du professionnel : un <strong>conseiller en couleur<\/strong> doit \u00eatre capable de proposer un diagnostic personnalis\u00e9, de manier ais\u00e9ment <a href=\"https:\/\/www.saint-martin-coiffure.fr\/blog\/a-quoi-sert-un-nuancier-de-couleurs-coiffeur-et-comment-lutiliser-efficacement\">le nuancier<\/a> et de donner des indications pr\u00e9cises sur l\u2019entretien des pigments choisis.<\/p>\n\n<p class=\"wp-block-paragraph\">Il vaut mieux \u00e9viter les gestes en solo si l\u2019on souhaite pr\u00e9server la sant\u00e9 de la chevelure. Un <strong>expert en teinture<\/strong> avis\u00e9 posera toujours quelques questions sur les pr\u00e9c\u00e9dentes colorations, expliquera la technique utilis\u00e9e (balayage, racines, m\u00e8ches&#8230;) et d\u00e9taillera les effets attendus. Si le professionnel prend le temps de renseigner sur la dur\u00e9e de la couleur, son prix ou encore les risques li\u00e9s \u00e0 la d\u00e9coloration, c\u2019est bon signe ! Plusieurs informations sont \u00e0 demander afin d\u2019\u00e9viter les d\u00e9convenues, comme la nature des produits ou la fr\u00e9quence des retouches n\u00e9cessaires.<\/p>\n\n<ul class=\"wp-block-list\"><li>Demandez \u00e0 voir le carnet de r\u00e9alisations ou des photos \u201cavant\/apr\u00e8s\u201d<\/li><li>Soyez attentif au temps consacr\u00e9 \u00e0 la consultation avant l\u2019application<\/li><li>M\u00e9fiez-vous des diagnostics trop rapides ou des promesses irr\u00e9alistes<\/li><li>Privil\u00e9giez un <strong>coloriste professionnel<\/strong> recommand\u00e9 pour ses conseils honn\u00eates et son \u00e9coute<\/li><\/ul>\n\n<p class=\"wp-block-paragraph\">Les tendances \u00e9voluent, mais une r\u00e8gle demeure : la sant\u00e9 du cheveu doit toujours primer sur la mode du moment. Les <strong>sp\u00e9cialistes coloration<\/strong> scrupuleux choisissent des produits de qualit\u00e9 tout en expliquant comment prolonger la tenue ou raviver l\u2019\u00e9clat entre deux rendez-vous. Pour celles et ceux \u00e0 la recherche du bon expert, il n\u2019y a rien de tel que le bouche-\u00e0-oreille et le dialogue avec le professionnel avant de se lancer. Faire confiance \u00e0 un vrai passionn\u00e9, c\u2019est s\u2019assurer d\u2019un r\u00e9sultat frais, naturel et lumineux, dans le respect absolu de la fibre capillaire.<\/p>\n\n","protected":false},"excerpt":{"rendered":"<p>Qui n\u2019a jamais entendu parler du coloriste en salon de coiffure en cherchant \u00e0 changer de t\u00eate ou \u00e0 raviver [&hellip;]<\/p>\n","protected":false},"author":7,"featured_media":5960,"comment_status":"open","ping_status":"close","sticky":false,"template":"","format":"standard","meta":{"_crdt_document":"","site-sidebar-layout":"default","site-content-layout":"","ast-site-content-layout":"default","site-content-style":"default","site-sidebar-style":"default","ast-global-header-display":"","ast-banner-title-visibility":"","ast-main-header-display":"","ast-hfb-above-header-display":"","ast-hfb-below-header-display":"","ast-hfb-mobile-header-display":"","site-post-title":"","ast-breadcrumbs-content":"","ast-featured-img":"","footer-sml-layout":"","ast-disable-related-posts":"","theme-transparent-header-meta":"","adv-header-id-meta":"","stick-header-meta":"","header-above-stick-meta":"","header-main-stick-meta":"","header-below-stick-meta":"","astra-migrate-meta-layouts":"default","ast-page-background-enabled":"default","ast-page-background-meta":{"desktop":{"background-color":"var(--ast-global-color-4)","background-image":"","background-repeat":"repeat","background-position":"center center","background-size":"auto","background-attachment":"scroll","background-type":"","background-media":"","overlay-type":"","overlay-color":"","overlay-opacity":"","overlay-gradient":""},"tablet":{"background-color":"","background-image":"","background-repeat":"repeat","background-position":"center center","background-size":"auto","background-attachment":"scroll","background-type":"","background-media":"","overlay-type":"","overlay-color":"","overlay-opacity":"","overlay-gradient":""},"mobile":{"background-color":"","background-image":"","background-repeat":"repeat","background-position":"center center","background-size":"auto","background-attachment":"scroll","background-type":"","background-media":"","overlay-type":"","overlay-color":"","overlay-opacity":"","overlay-gradient":""}},"ast-content-background-meta":{"desktop":{"background-color":"var(--ast-global-color-5)","background-image":"","background-repeat":"repeat","background-position":"center center","background-size":"auto","background-attachment":"scroll","background-type":"","background-media":"","overlay-type":"","overlay-color":"","overlay-opacity":"","overlay-gradient":""},"tablet":{"background-color":"var(--ast-global-color-5)","background-image":"","background-repeat":"repeat","background-position":"center center","background-size":"auto","background-attachment":"scroll","background-type":"","background-media":"","overlay-type":"","overlay-color":"","overlay-opacity":"","overlay-gradient":""},"mobile":{"background-color":"var(--ast-global-color-5)","background-image":"","background-repeat":"repeat","background-position":"center center","background-size":"auto","background-attachment":"scroll","background-type":"","background-media":"","overlay-type":"","overlay-color":"","overlay-opacity":"","overlay-gradient":""}},"footnotes":""},"categories":[1547],"tags":[],"class_list":["post-5961","post","type-post","status-publish","format-standard","has-post-thumbnail","hentry","category-coloration"],"_links":{"self":[{"href":"https:\/\/www.saint-martin-coiffure.fr\/blog\/wp-json\/wp\/v2\/posts\/5961","targetHints":{"allow":["GET"]}}],"collection":[{"href":"https:\/\/www.saint-martin-coiffure.fr\/blog\/wp-json\/wp\/v2\/posts"}],"about":[{"href":"https:\/\/www.saint-martin-coiffure.fr\/blog\/wp-json\/wp\/v2\/types\/post"}],"author":[{"embeddable":true,"href":"https:\/\/www.saint-martin-coiffure.fr\/blog\/wp-json\/wp\/v2\/users\/7"}],"replies":[{"embeddable":true,"href":"https:\/\/www.saint-martin-coiffure.fr\/blog\/wp-json\/wp\/v2\/comments?post=5961"}],"version-history":[{"count":0,"href":"https:\/\/www.saint-martin-coiffure.fr\/blog\/wp-json\/wp\/v2\/posts\/5961\/revisions"}],"wp:featuredmedia":[{"embeddable":true,"href":"https:\/\/www.saint-martin-coiffure.fr\/blog\/wp-json\/wp\/v2\/media\/5960"}],"wp:attachment":[{"href":"https:\/\/www.saint-martin-coiffure.fr\/blog\/wp-json\/wp\/v2\/media?parent=5961"}],"wp:term":[{"taxonomy":"category","embeddable":true,"href":"https:\/\/www.saint-martin-coiffure.fr\/blog\/wp-json\/wp\/v2\/categories?post=5961"},{"taxonomy":"post_tag","embeddable":true,"href":"https:\/\/www.saint-martin-coiffure.fr\/blog\/wp-json\/wp\/v2\/tags?post=5961"}],"curies":[{"name":"wp","href":"https:\/\/api.w.org\/{rel}","templated":true}]}}