{"id":5947,"date":"2026-04-20T13:29:14","date_gmt":"2026-04-20T11:29:14","guid":{"rendered":"https:\/\/www.saint-martin-coiffure.fr\/blog\/combien-de-temps-faut-il-chez-le-coiffeur-pour-une-couleur-et-une-coupe"},"modified":"2026-04-20T13:29:14","modified_gmt":"2026-04-20T11:29:14","slug":"combien-de-temps-faut-il-chez-le-coiffeur-pour-une-couleur-et-une-coupe","status":"publish","type":"post","link":"https:\/\/www.saint-martin-coiffure.fr\/blog\/combien-de-temps-faut-il-chez-le-coiffeur-pour-une-couleur-et-une-coupe","title":{"rendered":"Combien de temps faut-il chez le coiffeur pour une couleur et une coupe ?"},"content":{"rendered":"<p class=\"wp-block-paragraph\">Changer de couleur de cheveux ou rafra\u00eechir sa coupe, c\u2019est une exp\u00e9rience attendue avec impatience par beaucoup. Pourtant, une question taraude souvent au moment de r\u00e9server son rendez-vous coiffeur : combien de temps faut-il vraiment pr\u00e9voir au salon pour une couleur et une coupe\u202f? Entre les diff\u00e9rents types de coloration, la vari\u00e9t\u00e9 des techniques et la personnalisation n\u00e9cessaire \u00e0 chaque type de chevelure, il existe bien des nuances de dur\u00e9e dans les services de coiffure r\u00e9alis\u00e9s chez un professionnel. La r\u00e9alit\u00e9 du temps pass\u00e9 ne se limite pas au simple temps de pose de la coloration\u202f: on prend en compte l\u2019accueil, le diagnostic, l\u2019application, sans oublier le soin capillaire et le coiffage final. Que l\u2019on vienne pour une transformation radicale ou pour un entretien classique des racines, conna\u00eetre l\u2019encha\u00eenement des \u00e9tapes et leur dur\u00e9e aide \u00e0 organiser plus sereinement sa visite chez le salon de coiffure.<\/p>\n\n<p class=\"wp-block-paragraph\">Ce sujet m\u00e9rite d\u2019\u00eatre d\u00e9taill\u00e9 car chaque prestation comporte ses sp\u00e9cificit\u00e9s. Par exemple, une simple teinture cheveux racines ne prendra pas autant de temps qu\u2019un balayage complet sur cheveux longs, ni qu\u2019une coloration v\u00e9g\u00e9tale, connue pour exiger une longue pause. Entre envies de changement, contraintes de planning et n\u00e9cessit\u00e9 de pr\u00e9server la beaut\u00e9 de la fibre capillaire, le bon timing n\u2019est pas qu\u2019une histoire de rapidit\u00e9 mais aussi de technique et de conseils adapt\u00e9s \u00e0 chaque personne. L\u2019essentiel\u202f: repartir avec un r\u00e9sultat \u00e9clatant, sans stress ni mauvaise surprise c\u00f4t\u00e9 dur\u00e9e.<\/p>\n\n<ul class=\"wp-block-list\"><li><strong>Dur\u00e9e moyenne d\u2019un rendez-vous coiffeur\u202f:<\/strong> entre 1 h 30 et 3 heures selon la technique (racines, globale, balayage, coupe comprise).<\/li><li><strong>Temps de pose pour une couleur permanente\u202f:<\/strong> entre 30 et 45 minutes, hors application et shampooing.<\/li><li><strong>Fr\u00e9quence retouche des racines\u202f:<\/strong> toutes les 4 \u00e0 6 semaines selon la vitesse de repousse et le contraste avec la teinte naturelle.<\/li><li><strong>Tenue couleur sur la fibre\u202f:<\/strong> de 3 \u00e0 8 semaines selon le type de coloration et les soins adopt\u00e9s.<\/li><li><strong>Astuces pour optimiser le service coiffure\u202f:<\/strong> bien pr\u00e9parer ses cheveux, poser les bonnes questions au professionnel et respecter la routine recommand\u00e9e \u00e0 la maison.<\/li><li><strong>Maintenance recommand\u00e9e\u202f:<\/strong> soins adapt\u00e9s, protection contre la chaleur, produits doux apr\u00e8s votre rendez-vous au salon de coiffure.<\/li><\/ul>\n\n<div id=\"ez-toc-container\" class=\"ez-toc-v2_0_82_2 counter-hierarchy ez-toc-counter ez-toc-custom ez-toc-container-direction\">\n<div class=\"ez-toc-title-container\">\n<div class=\"ez-toc-title ez-toc-toggle\" style=\"cursor:pointer\">Sommaire : <\/div>\n<span class=\"ez-toc-title-toggle\"><a href=\"#\" class=\"ez-toc-pull-right ez-toc-btn ez-toc-btn-xs ez-toc-btn-default ez-toc-toggle\" aria-label=\"Toggle Table of Content\"><span class=\"ez-toc-js-icon-con\"><span class=\"\"><span class=\"eztoc-hide\" style=\"display:none;\">Toggle<\/span><span class=\"ez-toc-icon-toggle-span\"><svg style=\"fill: #545454;color:#545454\" xmlns=\"http:\/\/www.w3.org\/2000\/svg\" class=\"list-377408\" width=\"20px\" height=\"20px\" viewBox=\"0 0 24 24\" fill=\"none\"><path d=\"M6 6H4v2h2V6zm14 0H8v2h12V6zM4 11h2v2H4v-2zm16 0H8v2h12v-2zM4 16h2v2H4v-2zm16 0H8v2h12v-2z\" fill=\"currentColor\"><\/path><\/svg><svg style=\"fill: #545454;color:#545454\" class=\"arrow-unsorted-368013\" xmlns=\"http:\/\/www.w3.org\/2000\/svg\" width=\"10px\" height=\"10px\" viewBox=\"0 0 24 24\" version=\"1.2\" baseProfile=\"tiny\"><path d=\"M18.2 9.3l-6.2-6.3-6.2 6.3c-.2.2-.3.4-.3.7s.1.5.3.7c.2.2.4.3.7.3h11c.3 0 .5-.1.7-.3.2-.2.3-.5.3-.7s-.1-.5-.3-.7zM5.8 14.7l6.2 6.3 6.2-6.3c.2-.2.3-.5.3-.7s-.1-.5-.3-.7c-.2-.2-.4-.3-.7-.3h-11c-.3 0-.5.1-.7.3-.2.2-.3.5-.3.7s.1.5.3.7z\"\/><\/svg><\/span><\/span><\/span><\/a><\/span><\/div>\n<nav><ul class='ez-toc-list ez-toc-list-level-1 ' ><li class='ez-toc-page-1 ez-toc-heading-level-2'><a class=\"ez-toc-link ez-toc-heading-1\" href=\"https:\/\/www.saint-martin-coiffure.fr\/blog\/combien-de-temps-faut-il-chez-le-coiffeur-pour-une-couleur-et-une-coupe\/#Organisation-du-temps-chez-le-coiffeur-pour-une-couleur-et-une-coupe\" >Organisation du temps chez le coiffeur pour une couleur et une coupe<\/a><\/li><li class='ez-toc-page-1 ez-toc-heading-level-2'><a class=\"ez-toc-link ez-toc-heading-2\" href=\"https:\/\/www.saint-martin-coiffure.fr\/blog\/combien-de-temps-faut-il-chez-le-coiffeur-pour-une-couleur-et-une-coupe\/#Temps-de-pose-et-specificites-des-colorations-en-salon-de-coiffure\" >Temps de pose et sp\u00e9cificit\u00e9s des colorations en salon de coiffure<\/a><\/li><li class='ez-toc-page-1 ez-toc-heading-level-2'><a class=\"ez-toc-link ez-toc-heading-3\" href=\"https:\/\/www.saint-martin-coiffure.fr\/blog\/combien-de-temps-faut-il-chez-le-coiffeur-pour-une-couleur-et-une-coupe\/#Tenue-couleur-sur-la-duree-et-facteurs-de-longevite-de-la-teinte\" >Tenue couleur sur la dur\u00e9e et facteurs de long\u00e9vit\u00e9 de la teinte<\/a><\/li><li class='ez-toc-page-1 ez-toc-heading-level-2'><a class=\"ez-toc-link ez-toc-heading-4\" href=\"https:\/\/www.saint-martin-coiffure.fr\/blog\/combien-de-temps-faut-il-chez-le-coiffeur-pour-une-couleur-et-une-coupe\/#Services-coiffure-combinant-coupe-et-couleur%E2%80%AF-deroule-et-duree-totale\" >Services coiffure combinant coupe et couleur\u202f: d\u00e9roul\u00e9 et dur\u00e9e totale<\/a><\/li><li class='ez-toc-page-1 ez-toc-heading-level-2'><a class=\"ez-toc-link ez-toc-heading-5\" href=\"https:\/\/www.saint-martin-coiffure.fr\/blog\/combien-de-temps-faut-il-chez-le-coiffeur-pour-une-couleur-et-une-coupe\/#Conseils-professionnels-pour-optimiser-votre-rendez-vous-couleur-et-coupe\" >Conseils professionnels pour optimiser votre rendez-vous couleur et coupe<\/a><\/li><\/ul><\/nav><\/div>\n<h2 class=\"wp-block-heading\"><span class=\"ez-toc-section\" id=\"Organisation-du-temps-chez-le-coiffeur-pour-une-couleur-et-une-coupe\"><\/span>Organisation du temps chez le coiffeur pour une couleur et une coupe<span class=\"ez-toc-section-end\"><\/span><\/h2>\n\n<p class=\"wp-block-paragraph\">Organiser sa visite chez le coiffeur pour une couleur et une coupe demande une petite planification, surtout si l\u2019on veut \u00e9viter les files d\u2019attente et respecter son agenda. La dur\u00e9e varie beaucoup selon la nature du service coiffure. La premi\u00e8re \u00e9tape, d\u00e8s l\u2019accueil, consiste \u00e0 \u00e9couter les envies et besoins du client\u202f: couvrir des racines, r\u00e9aliser un \u00e9claircissement, harmoniser une base, ou tout simplement rafra\u00eechir une frange et redessiner une forme g\u00e9n\u00e9rale. Ce moment d\u2019\u00e9coute n\u2019est pas \u00e0 n\u00e9gliger, car il influence tout le reste du rendez-vous.<\/p>\n\n<p class=\"wp-block-paragraph\">Prenons un exemple concret\u202f: Clara, 29 ans, r\u00e9serve une prestation classique chez son salon de coiffure\u202f: une coloration racines et une coupe restructurante. Apr\u00e8s l\u2019accueil, le coiffeur r\u00e9alise un diagnostic rapide mais pr\u00e9cis de la texture, de la porosit\u00e9, des pr\u00e9c\u00e9dentes traces de teinture cheveux. L\u2019application de la couleur, sur cheveux courts \u00e0 mi-longs, prend environ 15 \u00e0 20 minutes. Il faut ensuite respecter le temps de pose conseill\u00e9 par le fabricant, souvent autour de 30 \u00e0 35 minutes. Pendant ce temps, le coiffeur peut proposer une boisson ou pr\u00e9parer la zone de coupe.<\/p>\n\n<p class=\"wp-block-paragraph\">D\u00e8s que la coloration est pr\u00eate, place au rin\u00e7age minutieux\u202f: une \u00e9tape capitale pour la beaut\u00e9 et la sant\u00e9 de la fibre. Certains salons proposent un soin capillaire profond en compl\u00e9ment, qui n\u00e9cessite 5 \u00e0 10 minutes. Vient ensuite la coupe, dont la dur\u00e9e d\u00e9pend du style d\u00e9sir\u00e9\u202f: un simple rafra\u00eechissement prendra 10 \u00e0 15 minutes, l\u00e0 o\u00f9 un changement de look plus marqu\u00e9 (d\u00e9grad\u00e9, nouvelle frange, transformation de la longueur) peut demander 20 \u00e0 30 minutes suppl\u00e9mentaires. Le s\u00e9chage, l\u2019\u00e9ventuel brushing ou coiffage final ajoutent encore 15 \u00e0 20 minutes. Au total, il faut donc pr\u00e9voir entre 1 h 30 et 2 h 15 pour une formule couleur + coupe sur cheveux naturels, sans compter un \u00e9ventuel cr\u00e9neau de battement si le planning du salon est charg\u00e9.<\/p>\n\n<p class=\"wp-block-paragraph\">Les salons modernes fournissent parfois une estimation assez pr\u00e9cise du temps \u00e0 table lors de la <a href=\"https:\/\/www.saint-martin-coiffure.fr\/blog\/combien-de-temps-faut-il-pour-une-coloration-chez-le-coiffeur\">prise de rendez-vous coiffure<\/a>, ce qui aide \u00e0 mieux organiser la suite de sa journ\u00e9e. Chaque \u00e9tape est pens\u00e9e pour maximiser le confort et la personnalisation, de l\u2019identification du besoin jusqu\u2019au coiffage final. Respecter ce temps, c\u2019est garantir un service soign\u00e9, sans stress inutile.<\/p>\n\n<h2 class=\"wp-block-heading\"><span class=\"ez-toc-section\" id=\"Temps-de-pose-et-specificites-des-colorations-en-salon-de-coiffure\"><\/span>Temps de pose et sp\u00e9cificit\u00e9s des colorations en salon de coiffure<span class=\"ez-toc-section-end\"><\/span><\/h2>\n\n<p class=\"wp-block-paragraph\">Le temps de pose est le c\u0153ur du service coloration chez le coiffeur. Pour un r\u00e9sultat r\u00e9ussi, il ne suffit pas de r\u00e9partir le produit uniform\u00e9ment\u202f: il faut s\u2019assurer que le pigment p\u00e9n\u00e8tre parfaitement la fibre, sans l\u2019ab\u00eemer. Chaque cat\u00e9gorie de teinture cheveux impose ses propres exigences\u202f: coloration permanente, ton sur ton, balayage, patine, ou encore coloration v\u00e9g\u00e9tale \u00e0 base de henn\u00e9. Si l\u2019on consid\u00e8re une coloration permanente, la dur\u00e9e de pose tourne autour de 30 \u00e0 45 minutes. Ce laps de temps inclut le processus chimique via les agents oxydants qui modifient la structure capillaire pour assurer une intensit\u00e9 de couleur durable.<\/p>\n\n<p class=\"wp-block-paragraph\">Pour une coloration temporaire ou ton sur ton, la pause sera plus courte\u202f: 10 \u00e0 25 minutes en g\u00e9n\u00e9ral, car le produit se contente de d\u00e9poser les pigments en surface. Les techniques v\u00e9g\u00e9tales, elles, r\u00e9clament souvent un temps bien plus long, parfois jusqu\u2019\u00e0 deux heures, mais leur douceur justifie cette patiente attente. Pr\u00e9cisons que la sant\u00e9 du cuir chevelu reste une priorit\u00e9\u202f: un temps de pose trop prolong\u00e9, m\u00eame pour une couleur douce, peut provoquer irritations et inconfort. Sur ce point, rien ne remplace l\u2019expertise du professionnel, qui adapte la dur\u00e9e aux besoins individuels.<\/p>\n\n<p class=\"wp-block-paragraph\">Un aspect souvent sous-estim\u00e9\u202f: la diff\u00e9rence de temps entre la couverture des racines \u00ab\u202ffra\u00eeches\u202f\u00bb et la reprise sur les longueurs. Les racines, moins sensibilis\u00e9es, demandent parfois une pose compl\u00e8te, tandis que les longueurs (d\u00e9j\u00e0 color\u00e9es) seront trait\u00e9es plus rapidement ou lors de la phase dite d\u2019\u00ab\u202fallongement\u202f\u00bb de la couleur. Ce principe est bien d\u00e9taill\u00e9 sur cette page d\u00e9di\u00e9e\u202f: <a href=\"https:\/\/www.saint-martin-coiffure.fr\/blog\/que-signifie-allonger-la-couleur-chez-le-coiffeur-et-comment-ca-se-passe\">allonger la couleur chez le coiffeur<\/a>. Pour les balayages et m\u00e8ches, le r\u00f4le du minuteur est d\u00e9terminant, notamment pour contr\u00f4ler l\u2019\u00e9claircissement et la r\u00e9partition des reflets.<\/p>\n\n<p class=\"wp-block-paragraph\">Respecter le temps de pause, c\u2019est aussi prot\u00e9ger la belle mati\u00e8re capillaire. Un d\u00e9lai trop court donne un rendu terne ou in\u00e9gal, trop long fragilise la fibre. En cas de doute, mieux vaut opter pour le temps minimal recommand\u00e9 et ajuster avec des soins sp\u00e9cifiques plut\u00f4t que risquer la casse. Cette \u00e9tape sp\u00e9cifique introduit finalement \u00e0 la question de l\u2019entretien pour faire durer la couleur, abord\u00e9e tout de suite apr\u00e8s.<\/p>\n\n<h2 class=\"wp-block-heading\"><span class=\"ez-toc-section\" id=\"Tenue-couleur-sur-la-duree-et-facteurs-de-longevite-de-la-teinte\"><\/span>Tenue couleur sur la dur\u00e9e et facteurs de long\u00e9vit\u00e9 de la teinte<span class=\"ez-toc-section-end\"><\/span><\/h2>\n\n<p class=\"wp-block-paragraph\">Si le r\u00e9sultat imm\u00e9diat d\u2019une couleur et d\u2019une coupe est ind\u00e9niablement gratifiant, ce qui compte autant dans la dur\u00e9e, c\u2019est la fa\u00e7on dont la teinte \u00e9volue entre deux rendez-vous coiffeur. Plusieurs facteurs entrent en jeu\u202f: la nature du cheveu, la fr\u00e9quence des lavages, l\u2019exposition \u00e0 la lumi\u00e8re ou \u00e0 la chaleur, sans oublier la routine de soin capillaire appliqu\u00e9e \u00e0 la maison. Une coloration permanente sur cheveux sains dure en g\u00e9n\u00e9ral de 4 \u00e0 8 semaines avec un entretien adapt\u00e9, tandis que les tons sur ton et patines tiennent autour de 3 \u00e0 5 semaines. Certains blonds tr\u00e8s clairs, roux intenses ou nuances pastel ont tendance \u00e0 d\u00e9gorger plus vite et n\u00e9cessitent des retouches plus fr\u00e9quentes.<\/p>\n\n<p class=\"wp-block-paragraph\">Parmi les astuces simples pour garder une couleur vibrante\u202f: espacer les shampooings (2 \u00e0 3 fois par semaine id\u00e9alement), privil\u00e9gier une eau ti\u00e8de pour le rin\u00e7age, et limiter l\u2019utilisation des appareils chauffants (lisseurs, s\u00e8che-cheveux, boucles) qui acc\u00e9l\u00e8rent la fuite des pigments. Exposer longuement ses cheveux color\u00e9s au soleil, au chlore ou \u00e0 l\u2019eau de mer alt\u00e8re \u00e9galement la tenue de la couleur. Heureusement, il existe des moyens de pr\u00e9server les reflets\u202f: adoption de produits protecteurs anti-UV, port d\u2019un chapeau ou application de soins hydratants particuliers avant et apr\u00e8s chaque baignade.<\/p>\n\n<p class=\"wp-block-paragraph\">Un point souvent soulev\u00e9\u202f: la porosit\u00e9 du cheveu. Plus la fibre est ab\u00eem\u00e9e ou poreuse (suite \u00e0 des d\u00e9colorations anciennes ou un exc\u00e8s de chaleur), plus elle relargue vite les pigments. En revanche, un cheveu peu poreux n\u00e9cessitera peut-\u00eatre un temps de pose l\u00e9g\u00e8rement adapt\u00e9, mais retiendra mieux la coloration. Le coiffeur ajuste alors sa technique \u00e0 la situation, pour un r\u00e9sultat durable et personnalis\u00e9.<\/p>\n\n<p class=\"wp-block-paragraph\">Enfin, chaque type de prestation impose sa propre fr\u00e9quence d\u2019entretien. Un balayage bien ex\u00e9cut\u00e9, par exemple, ne demande qu\u2019une retouche tous les 3 \u00e0 6 mois si la couleur de base est proche du naturel, alors qu\u2019une coloration racines devra \u00eatre reprise environ toutes les 4 \u00e0 6 semaines. Pour tout savoir sur la fa\u00e7on de faire durer sa couleur le plus longtemps possible, de nombreux conseils pratiques sont propos\u00e9s sur des sites experts comme <a href=\"https:\/\/www.saint-martin-coiffure.fr\/blog\/combien-de-temps-dure-une-couleur-chez-le-coiffeur-conseils-pour-prolonger-la-tenue\">prolonger la tenue d\u2019une couleur chez le coiffeur<\/a>.<\/p>\n\n<h2 class=\"wp-block-heading\"><span class=\"ez-toc-section\" id=\"Services-coiffure-combinant-coupe-et-couleur%E2%80%AF-deroule-et-duree-totale\"><\/span>Services coiffure combinant coupe et couleur\u202f: d\u00e9roul\u00e9 et dur\u00e9e totale<span class=\"ez-toc-section-end\"><\/span><\/h2>\n\n<p class=\"wp-block-paragraph\">Souvent, les clients optent pour un service coiffure associant couleur et coupe lors du m\u00eame rendez-vous. Quel encha\u00eenement pr\u00e9voir\u202f? Apr\u00e8s la pose de la couleur (avec le respect du temps adapt\u00e9), le rin\u00e7age et un soin profond, la coupe intervient avec un double avantage\u202f: \u00e9liminer les pointes sensibilis\u00e9es par la coloration, et redonner du peps \u00e0 la silhouette g\u00e9n\u00e9rale. Pour celles et ceux qui souhaitent changer de look ou n\u00e9cessitent une transformation marqu\u00e9e (d\u00e9grad\u00e9, frange, effilage, carr\u00e9 structur\u00e9), pr\u00e9voyez que la coupe requiert un temps allant de 20 \u00e0 35 minutes. Pour une simple retouche, 10 \u00e0 15 minutes suffisent.<\/p>\n\n<p class=\"wp-block-paragraph\">Les professionnels du salon de coiffure conseillent toujours d\u2019anticiper le planning\u202f: un rendez-vous complet (couleur + coupe + brushing) peut ais\u00e9ment occuper entre 2 heures et 3 heures pour des cheveux longs ou tr\u00e8s denses, surtout si la prestation comporte une technique sophistiqu\u00e9e comme un balayage. Cette estimation progresse d\u2019ailleurs avec la demande croissante de soins capillaires personnalis\u00e9s (masques nourrissants, rituels r\u00e9parateurs, massage cr\u00e2nien) qui allongent de 10 \u00e0 20 minutes le temps pass\u00e9 sur place. Les salons valorisent l\u2019approche sur-mesure, en adaptant chaque cr\u00e9neau non seulement \u00e0 la chevelure, mais aussi \u00e0 l\u2019objectif esth\u00e9tique du client.<\/p>\n\n<p class=\"wp-block-paragraph\">Un bon professionnel sait transformer un rendez-vous obligatoire en un moment de d\u00e9tente et de soin, optimisant le temps sans jamais sacrifier la qualit\u00e9. Pour explorer des exemples pr\u00e9cis de d\u00e9roul\u00e9 et de dur\u00e9e selon la prestation choisie, on peut consulter des ressources comme\u202f: <a href=\"https:\/\/www.saint-martin-coiffure.fr\/blog\/comment-se-passe-une-coloration-chez-le-coiffeur-etapes-et-conseils\">le d\u00e9roul\u00e9 d\u2019une coloration chez le coiffeur<\/a>.<\/p>\n\n<p class=\"wp-block-paragraph\">Enfin, pour \u00e9viter toute d\u00e9ception, il est recommand\u00e9 de signaler lors de la prise de rendez-vous si l\u2019on souhaite exp\u00e9rimenter une transformation importante ou ajouter un soin capillaire sp\u00e9cifique. Cela permet au salon de mieux ajuster la plage horaire et d\u2019offrir \u00e0 chacun l\u2019exp\u00e9rience attendue, sans h\u00e2te ni tracas de derni\u00e8re minute.<\/p>\n\n<h2 class=\"wp-block-heading\"><span class=\"ez-toc-section\" id=\"Conseils-professionnels-pour-optimiser-votre-rendez-vous-couleur-et-coupe\"><\/span>Conseils professionnels pour optimiser votre rendez-vous couleur et coupe<span class=\"ez-toc-section-end\"><\/span><\/h2>\n\n<p class=\"wp-block-paragraph\">Un passage chez le coiffeur devient un vrai plaisir quand il est bien pr\u00e9par\u00e9. Quelques r\u00e9flexes simples suffisent \u00e0 tirer le meilleur parti de son rendez-vous. Premi\u00e8re \u00e9tape\u202f: penser \u00e0 espacer le dernier shampooing (24 \u00e0 48 heures) avant de venir pour une coloration. Le s\u00e9bum naturel forme un bouclier protecteur contre l\u2019agression \u00e9ventuelle des produits colorants, limitant les inconforts du cuir chevelu. Ensuite, d\u00e9m\u00ealer soigneusement la chevelure avant l\u2019application facilite la r\u00e9partition du produit et optimise la couverture des racines ainsi que l\u2019intensit\u00e9 de la couleur.<\/p>\n\n<p class=\"wp-block-paragraph\">Apr\u00e8s la prestation, l\u2019entretien \u00e0 la maison joue un r\u00f4le cl\u00e9. Utiliser un shampooing doux, formul\u00e9 pour cheveux color\u00e9s, permet de pr\u00e9server l\u2019\u00e9clat tout en douceur. Limiter la fr\u00e9quence des lavages et adapter la temp\u00e9rature de l\u2019eau sont deux astuces qui allongent la durabilit\u00e9 de la couleur. Pour le coiffage, ne jamais oublier l\u2019application d\u2019un produit thermo-protecteur avant d\u2019utiliser tout appareil chauffant\u202f: cette pr\u00e9caution \u00e9vite la d\u00e9shydratation et le ternissement pr\u00e9matur\u00e9 de la couleur. Ne n\u00e9gligez pas non plus les soins nutritifs\u202f: masques, huiles ou s\u00e9rums \u00e0 base d\u2019ingr\u00e9dients r\u00e9parateurs assurent une fibre souple, brillante et r\u00e9sistante, essentielle au maintien de la couleur entre deux rendez-vous coiffeur.<\/p>\n\n<p class=\"wp-block-paragraph\">Enfin, choisir une technique adapt\u00e9e \u00e0 son emploi du temps, \u00e0 son budget et \u00e0 sa tol\u00e9rance d\u2019entretien \u00e9vite les mauvaises surprises. Un balayage lumineux, par exemple, demandera moins de retouches r\u00e9guli\u00e8res qu\u2019une racine tr\u00e8s fonc\u00e9e contrastant avec une base claire. Interroger son coiffeur sur les attentes r\u00e9alistes, demander des conseils entretien personnalis\u00e9s, et ne pas h\u00e9siter \u00e0 ajuster sa routine en fonction de la saison (protection UV l\u2019\u00e9t\u00e9, rituels hydratants l\u2019hiver) sont les cl\u00e9s d\u2019un r\u00e9sultat qui dure jusqu\u2019au prochain rendez-vous.<\/p>\n\n<ul class=\"wp-block-list\"><li><strong>Espacer les shampooings pour limiter le d\u00e9gorgement des pigments<\/strong><\/li><li><strong>Adapter la temp\u00e9rature de l\u2019eau de rin\u00e7age pour refermer les \u00e9cailles capillaires<\/strong><\/li><li><strong>Planifier les retouches en fonction de la vitesse de pousse et du contraste<\/strong><\/li><li><strong>Enrichir sa routine soin capillaire apr\u00e8s chaque service coiffure au salon<\/strong><\/li><li><strong>Discuter avec son professionnel pour ajuster techniques et produits \u00e0 sa r\u00e9alit\u00e9<\/strong><\/li><\/ul>\n\n","protected":false},"excerpt":{"rendered":"<p>Changer de couleur de cheveux ou rafra\u00eechir sa coupe, c\u2019est une exp\u00e9rience attendue avec impatience par beaucoup. Pourtant, une question [&hellip;]<\/p>\n","protected":false},"author":7,"featured_media":5946,"comment_status":"open","ping_status":"close","sticky":false,"template":"","format":"standard","meta":{"_crdt_document":"","site-sidebar-layout":"default","site-content-layout":"","ast-site-content-layout":"default","site-content-style":"default","site-sidebar-style":"default","ast-global-header-display":"","ast-banner-title-visibility":"","ast-main-header-display":"","ast-hfb-above-header-display":"","ast-hfb-below-header-display":"","ast-hfb-mobile-header-display":"","site-post-title":"","ast-breadcrumbs-content":"","ast-featured-img":"","footer-sml-layout":"","ast-disable-related-posts":"","theme-transparent-header-meta":"","adv-header-id-meta":"","stick-header-meta":"","header-above-stick-meta":"","header-main-stick-meta":"","header-below-stick-meta":"","astra-migrate-meta-layouts":"default","ast-page-background-enabled":"default","ast-page-background-meta":{"desktop":{"background-color":"var(--ast-global-color-4)","background-image":"","background-repeat":"repeat","background-position":"center center","background-size":"auto","background-attachment":"scroll","background-type":"","background-media":"","overlay-type":"","overlay-color":"","overlay-opacity":"","overlay-gradient":""},"tablet":{"background-color":"","background-image":"","background-repeat":"repeat","background-position":"center center","background-size":"auto","background-attachment":"scroll","background-type":"","background-media":"","overlay-type":"","overlay-color":"","overlay-opacity":"","overlay-gradient":""},"mobile":{"background-color":"","background-image":"","background-repeat":"repeat","background-position":"center center","background-size":"auto","background-attachment":"scroll","background-type":"","background-media":"","overlay-type":"","overlay-color":"","overlay-opacity":"","overlay-gradient":""}},"ast-content-background-meta":{"desktop":{"background-color":"var(--ast-global-color-5)","background-image":"","background-repeat":"repeat","background-position":"center center","background-size":"auto","background-attachment":"scroll","background-type":"","background-media":"","overlay-type":"","overlay-color":"","overlay-opacity":"","overlay-gradient":""},"tablet":{"background-color":"var(--ast-global-color-5)","background-image":"","background-repeat":"repeat","background-position":"center center","background-size":"auto","background-attachment":"scroll","background-type":"","background-media":"","overlay-type":"","overlay-color":"","overlay-opacity":"","overlay-gradient":""},"mobile":{"background-color":"var(--ast-global-color-5)","background-image":"","background-repeat":"repeat","background-position":"center center","background-size":"auto","background-attachment":"scroll","background-type":"","background-media":"","overlay-type":"","overlay-color":"","overlay-opacity":"","overlay-gradient":""}},"footnotes":""},"categories":[1547],"tags":[],"class_list":["post-5947","post","type-post","status-publish","format-standard","has-post-thumbnail","hentry","category-coloration"],"_links":{"self":[{"href":"https:\/\/www.saint-martin-coiffure.fr\/blog\/wp-json\/wp\/v2\/posts\/5947","targetHints":{"allow":["GET"]}}],"collection":[{"href":"https:\/\/www.saint-martin-coiffure.fr\/blog\/wp-json\/wp\/v2\/posts"}],"about":[{"href":"https:\/\/www.saint-martin-coiffure.fr\/blog\/wp-json\/wp\/v2\/types\/post"}],"author":[{"embeddable":true,"href":"https:\/\/www.saint-martin-coiffure.fr\/blog\/wp-json\/wp\/v2\/users\/7"}],"replies":[{"embeddable":true,"href":"https:\/\/www.saint-martin-coiffure.fr\/blog\/wp-json\/wp\/v2\/comments?post=5947"}],"version-history":[{"count":0,"href":"https:\/\/www.saint-martin-coiffure.fr\/blog\/wp-json\/wp\/v2\/posts\/5947\/revisions"}],"wp:featuredmedia":[{"embeddable":true,"href":"https:\/\/www.saint-martin-coiffure.fr\/blog\/wp-json\/wp\/v2\/media\/5946"}],"wp:attachment":[{"href":"https:\/\/www.saint-martin-coiffure.fr\/blog\/wp-json\/wp\/v2\/media?parent=5947"}],"wp:term":[{"taxonomy":"category","embeddable":true,"href":"https:\/\/www.saint-martin-coiffure.fr\/blog\/wp-json\/wp\/v2\/categories?post=5947"},{"taxonomy":"post_tag","embeddable":true,"href":"https:\/\/www.saint-martin-coiffure.fr\/blog\/wp-json\/wp\/v2\/tags?post=5947"}],"curies":[{"name":"wp","href":"https:\/\/api.w.org\/{rel}","templated":true}]}}