{"id":5931,"date":"2026-04-12T12:05:56","date_gmt":"2026-04-12T10:05:56","guid":{"rendered":"https:\/\/www.saint-martin-coiffure.fr\/blog\/combien-coute-une-coloration-vegetale-chez-le-coiffeur"},"modified":"2026-04-12T12:05:56","modified_gmt":"2026-04-12T10:05:56","slug":"combien-coute-une-coloration-vegetale-chez-le-coiffeur","status":"publish","type":"post","link":"https:\/\/www.saint-martin-coiffure.fr\/blog\/combien-coute-une-coloration-vegetale-chez-le-coiffeur","title":{"rendered":"Combien co\u00fbte une coloration v\u00e9g\u00e9tale chez le coiffeur ?"},"content":{"rendered":"<p class=\"wp-block-paragraph\">Se lancer dans une <strong>coloration v\u00e9g\u00e9tale<\/strong> chez le <strong>coiffeur<\/strong>, c\u2019est souvent l\u2019envie de conjuguer beaut\u00e9 et respect de la nature. Mais entre promesses de douceur, nuances \u00e9clatantes et engagement \u00e9cologique, une question revient tr\u00e8s souvent : <strong>quel est le vrai prix d\u2019une coloration v\u00e9g\u00e9tale au salon<\/strong> ? Sur place, il n\u2019est pas rare de s\u2019interroger sur la diff\u00e9rence de tarif entre une <strong>teinture naturelle<\/strong>, une coloration classique et toutes les options propos\u00e9es. Derri\u00e8re ce co\u00fbt, il y a bien plus qu\u2019une note sur la facture : temps pass\u00e9, savoir-faire, produits de qualit\u00e9 et une approche personnalis\u00e9e font toute la diff\u00e9rence.<\/p>\n\n<p class=\"wp-block-paragraph\">Ce guide d\u00e9taill\u00e9 donne les cl\u00e9s pour estimer le <strong>prix coloration v\u00e9g\u00e9tale<\/strong> en salon, comprendre ce qui influence la facturation, comparer les prestations, et \u00e9viter les mauvaises surprises tout en profitant des bienfaits d\u2019une <strong>coloration cheveux<\/strong> respectueuse de votre cuir chevelu comme de la plan\u00e8te. De plus en plus de coiffeurs misent sur des <strong>produits naturels<\/strong> et des services haut de gamme afin que votre exp\u00e9rience soit aussi agr\u00e9able qu\u2019efficace. D\u00e9couvrons ensemble les v\u00e9ritables dessous de la grille tarifaire en 2026, pour aborder votre prochain rendez-vous coloration l\u2019esprit tranquille.<\/p>\n\n<ul class=\"wp-block-list\"><li><strong>Le co\u00fbt moyen d\u2019une coloration v\u00e9g\u00e9tale en salon varie selon la longueur, la densit\u00e9 et la technique.<\/strong><\/li><li><strong>Diagnostic en amont, temps de pose et soins inclus peuvent influer sur le budget global.<\/strong><\/li><li><strong>Les tarifs sont en g\u00e9n\u00e9ral 10 \u00e0 15% sup\u00e9rieurs \u00e0 la coloration chimique.<\/strong><\/li><li><strong>Des suppl\u00e9ments s\u2019appliquent pour la coupe, les cheveux longs ou les \u00e9paisseurs particuli\u00e8res.<\/strong><\/li><li><strong>Une prestation v\u00e9g\u00e9tale garantit un soin capillaire plus doux, plus \u00e9thique et personnalisable.<\/strong><\/li><li><strong>La transparence des salons \u00e0 propos des composants et du protocole apporte une r\u00e9elle valeur ajout\u00e9e.<\/strong><\/li><li><strong>Les conseils professionnels d\u2019un coiffeur restent essentiels pour tirer le meilleur parti de la coloration v\u00e9g\u00e9tale.<\/strong><\/li><\/ul>\n\n<div id=\"ez-toc-container\" class=\"ez-toc-v2_0_82_2 counter-hierarchy ez-toc-counter ez-toc-custom ez-toc-container-direction\">\n<div class=\"ez-toc-title-container\">\n<div class=\"ez-toc-title ez-toc-toggle\" style=\"cursor:pointer\">Sommaire : <\/div>\n<span class=\"ez-toc-title-toggle\"><a href=\"#\" class=\"ez-toc-pull-right ez-toc-btn ez-toc-btn-xs ez-toc-btn-default ez-toc-toggle\" aria-label=\"Toggle Table of Content\"><span class=\"ez-toc-js-icon-con\"><span class=\"\"><span class=\"eztoc-hide\" style=\"display:none;\">Toggle<\/span><span class=\"ez-toc-icon-toggle-span\"><svg style=\"fill: #545454;color:#545454\" xmlns=\"http:\/\/www.w3.org\/2000\/svg\" class=\"list-377408\" width=\"20px\" height=\"20px\" viewBox=\"0 0 24 24\" fill=\"none\"><path d=\"M6 6H4v2h2V6zm14 0H8v2h12V6zM4 11h2v2H4v-2zm16 0H8v2h12v-2zM4 16h2v2H4v-2zm16 0H8v2h12v-2z\" fill=\"currentColor\"><\/path><\/svg><svg style=\"fill: #545454;color:#545454\" class=\"arrow-unsorted-368013\" xmlns=\"http:\/\/www.w3.org\/2000\/svg\" width=\"10px\" height=\"10px\" viewBox=\"0 0 24 24\" version=\"1.2\" baseProfile=\"tiny\"><path d=\"M18.2 9.3l-6.2-6.3-6.2 6.3c-.2.2-.3.4-.3.7s.1.5.3.7c.2.2.4.3.7.3h11c.3 0 .5-.1.7-.3.2-.2.3-.5.3-.7s-.1-.5-.3-.7zM5.8 14.7l6.2 6.3 6.2-6.3c.2-.2.3-.5.3-.7s-.1-.5-.3-.7c-.2-.2-.4-.3-.7-.3h-11c-.3 0-.5.1-.7.3-.2.2-.3.5-.3.7s.1.5.3.7z\"\/><\/svg><\/span><\/span><\/span><\/a><\/span><\/div>\n<nav><ul class='ez-toc-list ez-toc-list-level-1 ' ><li class='ez-toc-page-1 ez-toc-heading-level-2'><a class=\"ez-toc-link ez-toc-heading-1\" href=\"https:\/\/www.saint-martin-coiffure.fr\/blog\/combien-coute-une-coloration-vegetale-chez-le-coiffeur\/#Comment-est-fixe-le-prix-dune-coloration-vegetale-chez-le-coiffeur%E2%80%AF\" >Comment est fix\u00e9 le prix d\u2019une coloration v\u00e9g\u00e9tale chez le coiffeur\u202f?<\/a><\/li><li class='ez-toc-page-1 ez-toc-heading-level-2'><a class=\"ez-toc-link ez-toc-heading-2\" href=\"https:\/\/www.saint-martin-coiffure.fr\/blog\/combien-coute-une-coloration-vegetale-chez-le-coiffeur\/#Pourquoi-choisir-une-coloration-vegetale%E2%80%AF-benefices-et-limites\" >Pourquoi choisir une coloration v\u00e9g\u00e9tale\u202f: b\u00e9n\u00e9fices et limites<\/a><\/li><li class='ez-toc-page-1 ez-toc-heading-level-2'><a class=\"ez-toc-link ez-toc-heading-3\" href=\"https:\/\/www.saint-martin-coiffure.fr\/blog\/combien-coute-une-coloration-vegetale-chez-le-coiffeur\/#Deroulement-dune-prestation-en-coloration-vegetale-au-salon\" >D\u00e9roulement d\u2019une prestation en coloration v\u00e9g\u00e9tale au salon<\/a><\/li><li class='ez-toc-page-1 ez-toc-heading-level-2'><a class=\"ez-toc-link ez-toc-heading-4\" href=\"https:\/\/www.saint-martin-coiffure.fr\/blog\/combien-coute-une-coloration-vegetale-chez-le-coiffeur\/#Comparatif%E2%80%AF-coloration-vegetale-coloration-classique-et-autres-alternatives\" >Comparatif\u202f: coloration v\u00e9g\u00e9tale, coloration classique et autres alternatives<\/a><\/li><li class='ez-toc-page-1 ez-toc-heading-level-2'><a class=\"ez-toc-link ez-toc-heading-5\" href=\"https:\/\/www.saint-martin-coiffure.fr\/blog\/combien-coute-une-coloration-vegetale-chez-le-coiffeur\/#Conseils-pour-reussir-et-bien-entretenir-sa-coloration-vegetale\" >Conseils pour r\u00e9ussir et bien entretenir sa coloration v\u00e9g\u00e9tale<\/a><\/li><\/ul><\/nav><\/div>\n<h2 class=\"wp-block-heading\"><span class=\"ez-toc-section\" id=\"Comment-est-fixe-le-prix-dune-coloration-vegetale-chez-le-coiffeur%E2%80%AF\"><\/span>Comment est fix\u00e9 le prix d\u2019une coloration v\u00e9g\u00e9tale chez le coiffeur\u202f?<span class=\"ez-toc-section-end\"><\/span><\/h2>\n\n<p class=\"wp-block-paragraph\">Le tarif d\u2019une <strong>coloration v\u00e9g\u00e9tale<\/strong> chez un <strong>coiffeur<\/strong> ne rel\u00e8ve jamais du hasard. Chaque prestation s\u2019appuie sur une combinaison de facteurs bien pr\u00e9cis. D\u00e8s la prise de rendez-vous, le salon propose souvent un diagnostic personnalis\u00e9, qui peut \u00eatre factur\u00e9 autour de 20 euros mais bien souvent offert lorsque la visite est honor\u00e9e. Ce diagnostic permet d\u2019\u00e9valuer la nature et l\u2019\u00e9tat du cheveu, la couleur naturelle, la pr\u00e9sence d\u2019\u00e9ventuelles anciennes colorations, la texture (fin, \u00e9pais, boucl\u00e9, cr\u00e9pu) et la longueur de la chevelure.<\/p>\n\n<p class=\"wp-block-paragraph\">La longueur des cheveux reste un crit\u00e8re d\u00e9terminant. Le prix ne sera pas le m\u00eame pour une coupe courte que pour une chevelure longue ou tr\u00e8s dense qui demande plus de produit et de temps. On observe plusieurs paliers tarifaires selon la technique :<\/p>\n\n<ul class=\"wp-block-list\"><li><strong>Coloration v\u00e9g\u00e9tale 1 application avec brushing\u202f: 94\u20ac (soin et massage inclus)<\/strong><\/li><li><strong>Coloration v\u00e9g\u00e9tale 2 applications avec brushing\u202f: 119\u20ac (soin et massage inclus)<\/strong><\/li><li><strong>Suppl\u00e9ment coupe\u202f: 20\u20ac<\/strong><\/li><li><strong>Suppl\u00e9ment brushing pour cheveux tr\u00e8s longs\/\u00e9pais\/cr\u00e9pus\u202f: 12\u20ac<\/strong><\/li><\/ul>\n\n<p class=\"wp-block-paragraph\">\u00c0 titre de comparaison, une <a href=\"https:\/\/www.saint-martin-coiffure.fr\/blog\/combien-coute-une-coloration-chez-le-coiffeur-pour-une-femme\">coloration classique sans ammoniaque avec brushing<\/a> s\u2019affiche autour de 90 \u20ac, l\u00e0 o\u00f9 la coloration v\u00e9g\u00e9tale r\u00e9clame un l\u00e9ger suppl\u00e9ment, justifi\u00e9 par la naturalit\u00e9 des pigments et les \u00e9tapes plus longues. La transparence du salon est essentielle\u202f: les prix sont normalement annonc\u00e9s lors du diagnostic, ou affich\u00e9s sur le site ou la vitrine.<\/p>\n\n<p class=\"wp-block-paragraph\">Il faut aussi tenir compte des \u00e9ventuels soins compl\u00e9mentaires\u202f: certains salons ajoutent un masque ou un bain sp\u00e9cifique pour pr\u00e9server l\u2019\u00e9clat ou r\u00e9parer la fibre apr\u00e8s la coloration v\u00e9g\u00e9tale. Si la demande du client est particuli\u00e8re (blend de plusieurs couleurs, technique en deux temps pour les cheveux blancs, etc.), le co\u00fbt peut varier.<\/p>\n\n<p class=\"wp-block-paragraph\">L\u2019utilisation exclusive de <strong>produits naturels<\/strong> et de <strong>coloration bio<\/strong>, en excluant ammoniaque et r\u00e9sorcinol par exemple, explique cette diff\u00e9rence de prix. Les ingr\u00e9dients sont souvent sourc\u00e9s avec soin et n\u00e9cessitent parfois des importations sp\u00e9cifiques, ce qui impacte aussi le <strong>co\u00fbt salon<\/strong>.<\/p>\n\n<h2 class=\"wp-block-heading\"><span class=\"ez-toc-section\" id=\"Pourquoi-choisir-une-coloration-vegetale%E2%80%AF-benefices-et-limites\"><\/span>Pourquoi choisir une coloration v\u00e9g\u00e9tale\u202f: b\u00e9n\u00e9fices et limites<span class=\"ez-toc-section-end\"><\/span><\/h2>\n\n<p class=\"wp-block-paragraph\">Opter pour une <strong>coloration v\u00e9g\u00e9tale<\/strong> chez le coiffeur, c\u2019est bien plus que changer de t\u00eate\u202f: c\u2019est embrasser une d\u00e9marche saine, \u00e9thique et respectueuse de la plan\u00e8te. La formule repose uniquement sur des extraits de v\u00e9g\u00e9taux\u202f: henn\u00e9, indigo, camomille, cassia ou encore brou de noix. Ce choix s\u2019adapte \u00e0 la fois aux adeptes du naturel, aux personnes allergiques aux composants chimiques ou \u00e0 tous ceux qui veulent un <strong>soin capillaire<\/strong> doux et non agressif.<\/p>\n\n<p class=\"wp-block-paragraph\">La grande force de cette approche r\u00e9side dans le respect de la fibre capillaire. Les colorations bio ne modifient pas la structure interne du cheveu, contrairement aux produits d\u2019oxydation classiques qui p\u00e9n\u00e8trent la cuticule. R\u00e9sultat\u202f: moins de casse, plus de brillance, et des cheveux qui conservent leur souplesse naturelle. De nombreuses clientes t\u00e9moignent d\u2019une routine cheveux simplifi\u00e9e et d\u2019un cuir chevelu apais\u00e9 apr\u00e8s le passage \u00e0 la <strong>teinture naturelle<\/strong>.<\/p>\n\n<p class=\"wp-block-paragraph\">En revanche, certaines limites doivent \u00eatre connues pour \u00e9viter toute d\u00e9ception. La coloration v\u00e9g\u00e9tale n\u2019\u00e9claircit jamais la couleur d\u2019origine\u202f: elle enrobe le cheveu et apporte reflets et profondeur, mais ne permet pas de d\u00e9colorer. Pour les chevelures avec une base tr\u00e8s fonc\u00e9e, les possibilit\u00e9s de nuances restent plus restreintes, m\u00eame si le panel de couleurs ne cesse de s\u2019enrichir chaque ann\u00e9e.<\/p>\n\n<p class=\"wp-block-paragraph\">Par ailleurs, la couverture des cheveux blancs peut n\u00e9cessiter une double application. C\u2019est le cas typique d\u2019une prestation \u00e0 119\u202f\u20ac, o\u00f9 deux passages sont effectu\u00e9s pour garantir une coloration homog\u00e8ne et couvrante. Cela implique un temps de pose plus long \u2013 parfois jusqu\u2019\u00e0 3 heures au total \u2013 et donc un tarif plus \u00e9lev\u00e9, toujours justifi\u00e9 par les \u00e9tapes suppl\u00e9mentaires.<\/p>\n\n<p class=\"wp-block-paragraph\">Les <strong>colorations cheveux<\/strong> \u00e0 base de plantes demandent un peu plus de patience et de confiance envers le savoir-faire du coiffeur\u202f: le diagnostic pr\u00e9alable, les m\u00e9langes sur-mesure et l\u2019ajustement du temps de pose sont au c\u0153ur de la r\u00e9ussite. Ces d\u00e9tails font parfois la diff\u00e9rence entre un effet naturel bluffant et un r\u00e9sultat mitig\u00e9. Il n\u2019est pas rare que les salons exigent ce diagnostic en amont pour parer \u00e0 toute mauvaise surprise.<\/p>\n\n<p class=\"wp-block-paragraph\">Ce choix de <strong>coloration bio<\/strong> reste donc un investissement pour la sant\u00e9 et l\u2019environnement, mais aussi un moment de d\u00e9tente complet, souvent ponctu\u00e9 d\u2019un massage du cuir chevelu ou d\u2019un soin adapt\u00e9 \u00e0 la nature du cheveu.<\/p>\n\n<h2 class=\"wp-block-heading\"><span class=\"ez-toc-section\" id=\"Deroulement-dune-prestation-en-coloration-vegetale-au-salon\"><\/span>D\u00e9roulement d\u2019une prestation en coloration v\u00e9g\u00e9tale au salon<span class=\"ez-toc-section-end\"><\/span><\/h2>\n\n<p class=\"wp-block-paragraph\">Passer par un <strong>coiffeur<\/strong> pour une <strong>coloration v\u00e9g\u00e9tale<\/strong> donne acc\u00e8s \u00e0 tout un rituel bienveillant et structur\u00e9. D\u00e8s le rendez-vous, un <strong>diagnostic personnalis\u00e9<\/strong> permet de cibler la nuance id\u00e9ale, d\u2019analyser l\u2019historique de coloration, la texture, et de discuter de vos envies\u202f: reflets, uniformit\u00e9, couvrance des cheveux blancs\u2026 Cette \u00e9tape, bien qu\u2019obligatoire dans de nombreux salons, garantit un r\u00e9sultat naturel sur-mesure. Certaines enseignes facturent le diagnostic (souvent autour de 20\u202f\u20ac) mais l\u2019offrent si la prestation est r\u00e9alis\u00e9e \u00e0 la date pr\u00e9vue.<\/p>\n\n<p class=\"wp-block-paragraph\">Apr\u00e8s le diagnostic vient la pr\u00e9paration du m\u00e9lange\u202f: le coiffeur dose pr\u00e9cis\u00e9ment les poudres v\u00e9g\u00e9tales, adapte la temp\u00e9rature de l\u2019eau, et veille \u00e0 obtenir une p\u00e2te homog\u00e8ne. La pose, souvent r\u00e9alis\u00e9e m\u00e8che \u00e0 m\u00e8che, peut durer entre 45 minutes et deux heures selon la technique et la nature du cheveu. Une charlotte ou un film plastique pr\u00e9servent la chaleur, garante d\u2019un bon d\u00e9veloppement de la couleur.<\/p>\n\n<p class=\"wp-block-paragraph\">La dur\u00e9e totale du rendez-vous varie donc selon\u202f:<\/p>\n\n<ul class=\"wp-block-list\"><li><strong>La nature du cheveu (\u00e9pais, fin, boucl\u00e9\u2026)<\/strong><\/li><li><strong>Le nombre d\u2019applications n\u00e9cessaires (une ou deux couches pour la couverture des blancs)<\/strong><\/li><li><strong>La pr\u00e9sence de soins et de massages inclus dans la prestation<\/strong><\/li><li><strong>Le temps de rin\u00e7age, souvent plus long pour \u00e9liminer les pigments naturels<\/strong><\/li><\/ul>\n\n<p class=\"wp-block-paragraph\">Apr\u00e8s la pause, le rin\u00e7age s\u2019effectue \u00e0 l\u2019eau ti\u00e8de avant l\u2019application d\u2019un soin fixateur et nourrissant. Un brushing est inclus dans la plupart des forfaits. Il existe des options pour compl\u00e9ter l\u2019exp\u00e9rience\u202f: coupe, brushing pour cheveux \u00e9pais ou cr\u00e9pus, ou m\u00eame un massage relaxant du cuir chevelu avec des huiles bio.<\/p>\n\n<p class=\"wp-block-paragraph\">Cette attention port\u00e9e au d\u00e9tail transforme une s\u00e9ance de <strong>coloration v\u00e9g\u00e9tale<\/strong> en un v\u00e9ritable moment de bien-\u00eatre. De plus, la transparence sur le <strong>prix coloration<\/strong> et les protocoles rassure la client\u00e8le, toujours plus attentive \u00e0 la composition des produits et \u00e0 l\u2019impact sur l\u2019environnement. L\u2019ensemble de ces \u00e9tapes explique le positionnement tarifaire l\u00e9g\u00e8rement sup\u00e9rieur \u00e0 une coloration classique.<\/p>\n\n<p class=\"wp-block-paragraph\">Pour tous ceux qui souhaitent prolonger la tenue de leur <strong>coloration cheveux<\/strong>, les coiffeurs recommandent des shampoings doux sans sulfate et des soins adapt\u00e9s, comme on peut le d\u00e9couvrir dans ce dossier\u202f: <a href=\"https:\/\/www.saint-martin-coiffure.fr\/blog\/combien-de-temps-dure-une-couleur-chez-le-coiffeur-conseils-pour-prolonger-la-tenue\">prolonger la tenue de la coloration<\/a>.<\/p>\n\n<h2 class=\"wp-block-heading\"><span class=\"ez-toc-section\" id=\"Comparatif%E2%80%AF-coloration-vegetale-coloration-classique-et-autres-alternatives\"><\/span>Comparatif\u202f: coloration v\u00e9g\u00e9tale, coloration classique et autres alternatives<span class=\"ez-toc-section-end\"><\/span><\/h2>\n\n<p class=\"wp-block-paragraph\">Face \u00e0 la mont\u00e9e des pr\u00e9occupations \u00e9cologiques et sanitaires, le match entre <strong>coloration v\u00e9g\u00e9tale<\/strong> et coloration chimique est plus d\u2019actualit\u00e9 que jamais. En 2026, la client\u00e8le est de mieux en mieux inform\u00e9e et compare volontiers\u202f: ingr\u00e9dients utilis\u00e9s, r\u00e9sultat esth\u00e9tique, prix, et bien s\u00fbr, <strong>soin capillaire<\/strong> obtenu.<\/p>\n\n<p class=\"wp-block-paragraph\">En salon, une couleur classique (avec ammoniaque) co\u00fbte en moyenne entre 85\u202f\u20ac et 90\u202f\u20ac, prestation compl\u00e8te comprenant souvent brushing, soin et massage. La <strong>coloration v\u00e9g\u00e9tale<\/strong>, environ 10 \u00e0 15% plus ch\u00e8re, justifie son tarif par la qualit\u00e9 des mati\u00e8res premi\u00e8res et le temps n\u00e9cessaire \u00e0 chaque \u00e9tape.<\/p>\n\n<ul class=\"wp-block-list\"><li><strong>Coloration v\u00e9g\u00e9tale\u00a0: 94 \u00e0 119\u202f\u20ac, selon le nombre d\u2019applications (soin inclus)<\/strong><\/li><li><strong>Coloration sans ammoniaque\u00a0: 90\u202f\u20ac environ, soin et brushing inclus<\/strong><\/li><li><strong>Balayage v\u00e9g\u00e9tal ou ombr\u00e9\u00a0: de 110 \u00e0 130\u202f\u20ac, selon la technique choisie<\/strong><\/li><\/ul>\n\n<p class=\"wp-block-paragraph\">Plus rares mais en vogue, les services mixtes (balayage \u00e0 l\u2019argile, patines v\u00e9g\u00e9tales) permettent d\u2019obtenir un <strong>\u00e9claircissement subtil<\/strong>, tout en profitant d\u2019un effet naturel et lumineux. Ces techniques s\u2019adressent g\u00e9n\u00e9ralement \u00e0 celles et ceux qui souhaitent sublimer leur base sans effet uniforme. Si l\u2019on souhaite un r\u00e9sultat encore plus pointu, certains <a href=\"https:\/\/www.saint-martin-coiffure.fr\/blog\/quel-est-le-meilleur-coiffeur-specialise-en-balayage-dans-les-yvelines\">coiffeurs experts du balayage v\u00e9g\u00e9tal<\/a> proposent une prestation sur mesure, avec un tarif calibr\u00e9 au diagnostic et aux attentes exactes du client.<\/p>\n\n<p class=\"wp-block-paragraph\">Une diff\u00e9rence majeure concerne la tenue\u202f: la coloration v\u00e9g\u00e9tale s\u2019att\u00e9nue en douceur et r\u00e9v\u00e8le souvent de nouveaux reflets avec le temps, l\u00e0 o\u00f9 les couleurs d\u2019oxydation ternissent ou virent plus vite. Enfin, la repousse des racines est souvent moins \u00ab\u202ftranch\u00e9e\u202f\u00bb que dans le cas d\u2019une teinture classique.<\/p>\n\n<p class=\"wp-block-paragraph\">Pour ceux qui h\u00e9sitent encore, il est toujours possible de demander un test m\u00e8che ou une prestation semi-permanente afin de tester la texture, la brillance ou la couvrance offerte. Cette approche mesur\u00e9e offre la possibilit\u00e9 de passer au v\u00e9g\u00e9tal sans s\u2019engager sur la dur\u00e9e.<\/p>\n\n<h2 class=\"wp-block-heading\"><span class=\"ez-toc-section\" id=\"Conseils-pour-reussir-et-bien-entretenir-sa-coloration-vegetale\"><\/span>Conseils pour r\u00e9ussir et bien entretenir sa coloration v\u00e9g\u00e9tale<span class=\"ez-toc-section-end\"><\/span><\/h2>\n\n<p class=\"wp-block-paragraph\">Pour profiter pleinement de la <strong>coloration v\u00e9g\u00e9tale<\/strong> en salon, quelques r\u00e8gles et astuces aident \u00e0 optimiser la tenue et l\u2019\u00e9clat. Le choix du coiffeur reste l\u2019\u00e9tape cl\u00e9\u202f: mieux vaut s\u2019orienter vers un professionnel form\u00e9 aux techniques v\u00e9g\u00e9tales et transparent sur la composition des produits. Demandez le nuancier, v\u00e9rifiez les labels (bio, slow cosm\u00e9tique) et posez vos questions sur la m\u00e9thodologie.<\/p>\n\n<p class=\"wp-block-paragraph\">Les habitudes \u00e0 adopter pour sublimer sa nouvelle couleur v\u00e9g\u00e9tale\u202f:<\/p>\n\n<ul class=\"wp-block-list\"><li><strong>Attendre quelques jours avant le premier shampoing<\/strong>, pour laisser la couleur se fixer et r\u00e9v\u00e9ler ses nuances.<\/li><li><strong>Utiliser un shampoing doux, id\u00e9alement sans sulfate ni silicone<\/strong>, pour ne pas d\u00e9crocher les pigments naturels.<\/li><li><strong>Espacer les lavages<\/strong> et privil\u00e9gier les bains d\u2019huiles v\u00e9g\u00e9tales pour nourrir les longueurs sans alt\u00e9rer la couleur.<\/li><li><strong>\u00c9viter les colorations chimiques dans les 2 \u00e0 3 mois suivant une teinture naturelle<\/strong>, afin de pr\u00e9server la sant\u00e9 du cheveu et la qualit\u00e9 de la couleur.<\/li><li><strong>Prendre rendez-vous pour un diagnostic r\u00e9gulier<\/strong>, surtout si le taux de cheveux blancs ou l\u2019\u00e9tat de la fibre \u00e9volue.<\/li><\/ul>\n\n<p class=\"wp-block-paragraph\">Attention aussi aux erreurs classiques\u00a0: l\u2019application trop r\u00e9guli\u00e8re de masques contenant du silicone, l\u2019utilisation de lisseurs ou s\u00e8che-cheveux trop chauds ou encore le recours \u00e0 une coloration chimique sans bilan pr\u00e9alable peuvent alt\u00e9rer la tenue de la couleur, voire cr\u00e9er des effets inattendus.<\/p>\n\n<p class=\"wp-block-paragraph\">Pour celles et ceux qui h\u00e9sitent encore ou qui souhaitent comparer toutes les solutions, plusieurs guides pratiques sont disponibles\u00a0: <a href=\"https:\/\/www.saint-martin-coiffure.fr\/blog\/combien-coute-une-coloration-naturelle-bio-chez-le-coiffeur\">le co\u00fbt d\u2019une coloration naturelle chez le coiffeur<\/a>, ou encore des conseils \u00e9tape par \u00e9tape pour comprendre <a href=\"https:\/\/www.saint-martin-coiffure.fr\/blog\/comment-se-passe-une-coloration-chez-le-coiffeur-etapes-et-conseils\">comment se passe une coloration en salon<\/a>.<\/p>\n\n<p class=\"wp-block-paragraph\">En misant sur des gestes simples et des produits bien choisis, la <strong>coloration bio<\/strong> au salon se transforme en v\u00e9ritable alli\u00e9e beaut\u00e9 sur la dur\u00e9e. Et pour celles et ceux qui aiment changer r\u00e9guli\u00e8rement de couleur, le dialogue constant avec un coiffeur attentif reste la meilleure garantie d\u2019une chevelure vivante, \u00e9clatante et profond\u00e9ment respect\u00e9e.<\/p>\n\n","protected":false},"excerpt":{"rendered":"<p>Se lancer dans une coloration v\u00e9g\u00e9tale chez le coiffeur, c\u2019est souvent l\u2019envie de conjuguer beaut\u00e9 et respect de la nature. [&hellip;]<\/p>\n","protected":false},"author":7,"featured_media":5930,"comment_status":"open","ping_status":"close","sticky":false,"template":"","format":"standard","meta":{"_crdt_document":"","site-sidebar-layout":"default","site-content-layout":"","ast-site-content-layout":"default","site-content-style":"default","site-sidebar-style":"default","ast-global-header-display":"","ast-banner-title-visibility":"","ast-main-header-display":"","ast-hfb-above-header-display":"","ast-hfb-below-header-display":"","ast-hfb-mobile-header-display":"","site-post-title":"","ast-breadcrumbs-content":"","ast-featured-img":"","footer-sml-layout":"","ast-disable-related-posts":"","theme-transparent-header-meta":"","adv-header-id-meta":"","stick-header-meta":"","header-above-stick-meta":"","header-main-stick-meta":"","header-below-stick-meta":"","astra-migrate-meta-layouts":"default","ast-page-background-enabled":"default","ast-page-background-meta":{"desktop":{"background-color":"var(--ast-global-color-4)","background-image":"","background-repeat":"repeat","background-position":"center center","background-size":"auto","background-attachment":"scroll","background-type":"","background-media":"","overlay-type":"","overlay-color":"","overlay-opacity":"","overlay-gradient":""},"tablet":{"background-color":"","background-image":"","background-repeat":"repeat","background-position":"center center","background-size":"auto","background-attachment":"scroll","background-type":"","background-media":"","overlay-type":"","overlay-color":"","overlay-opacity":"","overlay-gradient":""},"mobile":{"background-color":"","background-image":"","background-repeat":"repeat","background-position":"center center","background-size":"auto","background-attachment":"scroll","background-type":"","background-media":"","overlay-type":"","overlay-color":"","overlay-opacity":"","overlay-gradient":""}},"ast-content-background-meta":{"desktop":{"background-color":"var(--ast-global-color-5)","background-image":"","background-repeat":"repeat","background-position":"center center","background-size":"auto","background-attachment":"scroll","background-type":"","background-media":"","overlay-type":"","overlay-color":"","overlay-opacity":"","overlay-gradient":""},"tablet":{"background-color":"var(--ast-global-color-5)","background-image":"","background-repeat":"repeat","background-position":"center center","background-size":"auto","background-attachment":"scroll","background-type":"","background-media":"","overlay-type":"","overlay-color":"","overlay-opacity":"","overlay-gradient":""},"mobile":{"background-color":"var(--ast-global-color-5)","background-image":"","background-repeat":"repeat","background-position":"center center","background-size":"auto","background-attachment":"scroll","background-type":"","background-media":"","overlay-type":"","overlay-color":"","overlay-opacity":"","overlay-gradient":""}},"footnotes":""},"categories":[1547],"tags":[],"class_list":["post-5931","post","type-post","status-publish","format-standard","has-post-thumbnail","hentry","category-coloration"],"_links":{"self":[{"href":"https:\/\/www.saint-martin-coiffure.fr\/blog\/wp-json\/wp\/v2\/posts\/5931","targetHints":{"allow":["GET"]}}],"collection":[{"href":"https:\/\/www.saint-martin-coiffure.fr\/blog\/wp-json\/wp\/v2\/posts"}],"about":[{"href":"https:\/\/www.saint-martin-coiffure.fr\/blog\/wp-json\/wp\/v2\/types\/post"}],"author":[{"embeddable":true,"href":"https:\/\/www.saint-martin-coiffure.fr\/blog\/wp-json\/wp\/v2\/users\/7"}],"replies":[{"embeddable":true,"href":"https:\/\/www.saint-martin-coiffure.fr\/blog\/wp-json\/wp\/v2\/comments?post=5931"}],"version-history":[{"count":0,"href":"https:\/\/www.saint-martin-coiffure.fr\/blog\/wp-json\/wp\/v2\/posts\/5931\/revisions"}],"wp:featuredmedia":[{"embeddable":true,"href":"https:\/\/www.saint-martin-coiffure.fr\/blog\/wp-json\/wp\/v2\/media\/5930"}],"wp:attachment":[{"href":"https:\/\/www.saint-martin-coiffure.fr\/blog\/wp-json\/wp\/v2\/media?parent=5931"}],"wp:term":[{"taxonomy":"category","embeddable":true,"href":"https:\/\/www.saint-martin-coiffure.fr\/blog\/wp-json\/wp\/v2\/categories?post=5931"},{"taxonomy":"post_tag","embeddable":true,"href":"https:\/\/www.saint-martin-coiffure.fr\/blog\/wp-json\/wp\/v2\/tags?post=5931"}],"curies":[{"name":"wp","href":"https:\/\/api.w.org\/{rel}","templated":true}]}}