{"id":5907,"date":"2026-03-31T11:54:14","date_gmt":"2026-03-31T09:54:14","guid":{"rendered":"https:\/\/www.saint-martin-coiffure.fr\/blog\/les-couleurs-chez-le-coiffeur-sont-elles-vraiment-toxiques"},"modified":"2026-03-31T11:54:14","modified_gmt":"2026-03-31T09:54:14","slug":"les-couleurs-chez-le-coiffeur-sont-elles-vraiment-toxiques","status":"publish","type":"post","link":"https:\/\/www.saint-martin-coiffure.fr\/blog\/les-couleurs-chez-le-coiffeur-sont-elles-vraiment-toxiques","title":{"rendered":"Les couleurs chez le coiffeur sont-elles vraiment toxiques ?"},"content":{"rendered":"<p class=\"wp-block-paragraph\">Changer la couleur de ses cheveux, c\u2019est souvent bien plus qu\u2019une affaire de mode : on y cherche un coup de frais, l\u2019envie de dissimuler ses premiers cheveux blancs ou simplement le plaisir d\u2019oser. Pourtant, un doute revient sans cesse : les couleurs chez le coiffeur sont-elles vraiment toxiques ? \u00c0 chaque passage en salon, on survole la fameuse odeur d\u2019ammoniaque, on scrute la composition minuscule sur la bo\u00eete de produit capillaire et l\u2019on s\u2019inqui\u00e8te pour la s\u00e9curit\u00e9 de sa sant\u00e9. Depuis quelques ann\u00e9es, la sensibilit\u00e9 grandit face \u00e0 tout ce qui touche la composition chimique des teintures. Les produits d\u00e9gagent-ils des substances dangereuses ? Y a-t-il un risque d\u2019allergie ou d\u2019autres effets secondaires sur le cuir chevelu, voire un impact beaucoup plus grave \u00e0 long terme ?<\/p>\n\n<p class=\"wp-block-paragraph\">En Europe, se colorer les cheveux est une habitude ancr\u00e9e : plus d\u2019une femme sur deux y a ponctuellement ou r\u00e9guli\u00e8rement recours, et la tendance s\u00e9duit tous les \u00e2ges. L\u2019industrie cosm\u00e9tique s\u2019est d\u2019ailleurs adapt\u00e9e, d\u00e9veloppant une multitude de formules, du permanent aux colorations \u201cv\u00e9g\u00e9tales\u201d, en passant par les gammes sans ammoniaque. Mais derri\u00e8re cette palette de choix, la question des risques pour la sant\u00e9 reste enti\u00e8re. De quels ingr\u00e9dients parle-t-on pr\u00e9cis\u00e9ment\u2009? Quelles r\u00e9glementations encadrent ces produits\u2009? Et surtout, y a-t-il vraiment des profils \u00e0 risque ou des pratiques \u00e0 \u00e9viter pour se prot\u00e9ger ? D\u00e9cortiquons ensemble la r\u00e9alit\u00e9 des couleurs de cheveux au salon, pour y voir plus clair et se colorer en toute connaissance de cause.<\/p>\n\n<ul class=\"wp-block-list\"><li><strong>Les produits capillaires colorants sont omnipr\u00e9sents mais leur composition chimique soul\u00e8ve des inqui\u00e9tudes sur la s\u00e9curit\u00e9 \u00e0 court et long terme.<\/strong><\/li><li><strong>Certains ingr\u00e9dients comme la paraph\u00e9nyl\u00e8nediamine (PPD) ou l\u2019ammoniaque sont \u00e0 l\u2019origine de cas d\u2019allergies voire d\u2019effets secondaires parfois s\u00e9v\u00e8res.<\/strong><\/li><li><strong>Les risques pour la sant\u00e9 sont diff\u00e9rents selon qu\u2019on est client(e) occasionnel(le) ou professionnel(le) expos\u00e9(e) aux teintures quotidiennement.<\/strong><\/li><li><strong>L\u2019Europe a mis en place une r\u00e9glementation stricte, limitant d\u00e9j\u00e0 de nombreuses substances dans les couleurs de cheveux chez le coiffeur.<\/strong><\/li><li><strong>Les colorations dites naturelles ne sont pas toutes exempts de risques, d\u2019o\u00f9 l\u2019importance de comprendre la composition exacte de chaque produit capillaire.<\/strong><\/li><li><strong>Respecter les tests d\u2019allergie, les dosages et les fr\u00e9quences d\u2019application reste la meilleure mani\u00e8re de limiter l\u2019exposition \u00e0 d\u2019\u00e9ventuels ingr\u00e9dients toxiques.<\/strong><\/li><\/ul>\n\n<div id=\"ez-toc-container\" class=\"ez-toc-v2_0_82_2 counter-hierarchy ez-toc-counter ez-toc-custom ez-toc-container-direction\">\n<div class=\"ez-toc-title-container\">\n<div class=\"ez-toc-title ez-toc-toggle\" style=\"cursor:pointer\">Sommaire : <\/div>\n<span class=\"ez-toc-title-toggle\"><a href=\"#\" class=\"ez-toc-pull-right ez-toc-btn ez-toc-btn-xs ez-toc-btn-default ez-toc-toggle\" aria-label=\"Toggle Table of Content\"><span class=\"ez-toc-js-icon-con\"><span class=\"\"><span class=\"eztoc-hide\" style=\"display:none;\">Toggle<\/span><span class=\"ez-toc-icon-toggle-span\"><svg style=\"fill: #545454;color:#545454\" xmlns=\"http:\/\/www.w3.org\/2000\/svg\" class=\"list-377408\" width=\"20px\" height=\"20px\" viewBox=\"0 0 24 24\" fill=\"none\"><path d=\"M6 6H4v2h2V6zm14 0H8v2h12V6zM4 11h2v2H4v-2zm16 0H8v2h12v-2zM4 16h2v2H4v-2zm16 0H8v2h12v-2z\" fill=\"currentColor\"><\/path><\/svg><svg style=\"fill: #545454;color:#545454\" class=\"arrow-unsorted-368013\" xmlns=\"http:\/\/www.w3.org\/2000\/svg\" width=\"10px\" height=\"10px\" viewBox=\"0 0 24 24\" version=\"1.2\" baseProfile=\"tiny\"><path d=\"M18.2 9.3l-6.2-6.3-6.2 6.3c-.2.2-.3.4-.3.7s.1.5.3.7c.2.2.4.3.7.3h11c.3 0 .5-.1.7-.3.2-.2.3-.5.3-.7s-.1-.5-.3-.7zM5.8 14.7l6.2 6.3 6.2-6.3c.2-.2.3-.5.3-.7s-.1-.5-.3-.7c-.2-.2-.4-.3-.7-.3h-11c-.3 0-.5.1-.7.3-.2.2-.3.5-.3.7s.1.5.3.7z\"\/><\/svg><\/span><\/span><\/span><\/a><\/span><\/div>\n<nav><ul class='ez-toc-list ez-toc-list-level-1 ' ><li class='ez-toc-page-1 ez-toc-heading-level-2'><a class=\"ez-toc-link ez-toc-heading-1\" href=\"https:\/\/www.saint-martin-coiffure.fr\/blog\/les-couleurs-chez-le-coiffeur-sont-elles-vraiment-toxiques\/#Composition-chimique-des-couleurs-de-cheveux-que-trouve-t-on-dans-les-produits-capillaires\" >Composition chimique des couleurs de cheveux : que trouve-t-on dans les produits capillaires ?<\/a><ul class='ez-toc-list-level-3' ><li class='ez-toc-heading-level-3'><a class=\"ez-toc-link ez-toc-heading-2\" href=\"https:\/\/www.saint-martin-coiffure.fr\/blog\/les-couleurs-chez-le-coiffeur-sont-elles-vraiment-toxiques\/#Zoom-sur-les-ingredients-a-surveiller\" >Zoom sur les ingr\u00e9dients \u00e0 surveiller<\/a><\/li><\/ul><\/li><li class='ez-toc-page-1 ez-toc-heading-level-2'><a class=\"ez-toc-link ez-toc-heading-3\" href=\"https:\/\/www.saint-martin-coiffure.fr\/blog\/les-couleurs-chez-le-coiffeur-sont-elles-vraiment-toxiques\/#Effets-secondaires-et-allergies%E2%80%AF-de-la-simple-gene-aux-reactions-severes\" >Effets secondaires et allergies\u202f: de la simple g\u00eane aux r\u00e9actions s\u00e9v\u00e8res<\/a><ul class='ez-toc-list-level-3' ><li class='ez-toc-heading-level-3'><a class=\"ez-toc-link ez-toc-heading-4\" href=\"https:\/\/www.saint-martin-coiffure.fr\/blog\/les-couleurs-chez-le-coiffeur-sont-elles-vraiment-toxiques\/#Personnage-temoin-le-quotidien-dAline-habituee-du-salon\" >Personnage t\u00e9moin : le quotidien d\u2019Aline, habitu\u00e9e du salon<\/a><\/li><\/ul><\/li><li class='ez-toc-page-1 ez-toc-heading-level-2'><a class=\"ez-toc-link ez-toc-heading-5\" href=\"https:\/\/www.saint-martin-coiffure.fr\/blog\/les-couleurs-chez-le-coiffeur-sont-elles-vraiment-toxiques\/#Colorations-capillaires%E2%80%AF-quels-dangers-pour-la-sante-a-long-terme%E2%80%AF\" >Colorations capillaires\u202f: quels dangers pour la sant\u00e9 \u00e0 long terme\u202f?<\/a><\/li><li class='ez-toc-page-1 ez-toc-heading-level-2'><a class=\"ez-toc-link ez-toc-heading-6\" href=\"https:\/\/www.saint-martin-coiffure.fr\/blog\/les-couleurs-chez-le-coiffeur-sont-elles-vraiment-toxiques\/#Reglementation-europeenne-et-bonnes-pratiques-chez-le-coiffeur\" >R\u00e9glementation europ\u00e9enne et bonnes pratiques chez le coiffeur<\/a><ul class='ez-toc-list-level-3' ><li class='ez-toc-heading-level-3'><a class=\"ez-toc-link ez-toc-heading-7\" href=\"https:\/\/www.saint-martin-coiffure.fr\/blog\/les-couleurs-chez-le-coiffeur-sont-elles-vraiment-toxiques\/#Pourquoi-les-jeunes-et-les-femmes-enceintes-sont-ils-plus-concernes%E2%80%AF\" >Pourquoi les jeunes et les femmes enceintes sont-ils plus concern\u00e9s\u202f?<\/a><\/li><\/ul><\/li><li class='ez-toc-page-1 ez-toc-heading-level-2'><a class=\"ez-toc-link ez-toc-heading-8\" href=\"https:\/\/www.saint-martin-coiffure.fr\/blog\/les-couleurs-chez-le-coiffeur-sont-elles-vraiment-toxiques\/#Colorations-naturelles-et-alternatives-moins-toxiques%E2%80%AF-que-faut-il-vraiment-en-penser%E2%80%AF\" >Colorations naturelles et alternatives moins toxiques\u202f: que faut-il vraiment en penser\u202f?<\/a><ul class='ez-toc-list-level-3' ><li class='ez-toc-heading-level-3'><a class=\"ez-toc-link ez-toc-heading-9\" href=\"https:\/\/www.saint-martin-coiffure.fr\/blog\/les-couleurs-chez-le-coiffeur-sont-elles-vraiment-toxiques\/#Quelques-conseils-pratiques-pour-allier-securite-et-plaisir-de-la-couleur\" >Quelques conseils pratiques pour allier s\u00e9curit\u00e9 et plaisir de la couleur<\/a><\/li><\/ul><\/li><\/ul><\/nav><\/div>\n<h2 class=\"wp-block-heading\"><span class=\"ez-toc-section\" id=\"Composition-chimique-des-couleurs-de-cheveux-que-trouve-t-on-dans-les-produits-capillaires\"><\/span>Composition chimique des couleurs de cheveux : que trouve-t-on dans les produits capillaires ?<span class=\"ez-toc-section-end\"><\/span><\/h2>\n\n<p class=\"wp-block-paragraph\">Le passage chez le coiffeur commence souvent par un petit rituel\u202f: la pr\u00e9sentation du nuancier. Mais derri\u00e8re chaque nuance, la composition chimique varie et interroge de plus en plus. Pour obtenir des couleurs \u00e9clatantes et une bonne tenue, certaines mol\u00e9cules sont incontournables. Les colorations dites d\u2019oxydation, largement privil\u00e9gi\u00e9es pour leur promesse de couvrance parfaite et de changement durable, utilisent un cocktail d\u2019ingr\u00e9dients soigneusement dos\u00e9s.<\/p>\n\n<p class=\"wp-block-paragraph\">Au c\u0153ur de cette alchimie, on trouve fr\u00e9quemment la <strong>paraph\u00e9nyl\u00e8nediamine (PPD)<\/strong>. Elle assure des teintes profondes, notamment dans les bruns et fonc\u00e9s, mais reste connue pour son potentiel allergisant. Viennent ensuite des substances comme le <strong>r\u00e9sorcinol<\/strong>, contribuant \u00e0 fixer la nuance sur la tige capillaire, et <strong>l\u2019ammoniaque<\/strong>\u202f: elle permet d\u2019ouvrir les \u00e9cailles du cheveu pour que le pigment p\u00e9n\u00e8tre en profondeur. L\u2019odeur piquante en salon en vient souvent. Pour finir, le <strong>peroxyde d\u2019hydrog\u00e8ne<\/strong> (l\u2019eau oxyg\u00e9n\u00e9e) agit sur la d\u00e9coloration pr\u00e9alable du cheveu et facilite la prise de la nouvelle couleur.<\/p>\n\n<p class=\"wp-block-paragraph\">\u00c0 premi\u00e8re vue, ces ingr\u00e9dients pourraient para\u00eetre anodins, car leur utilisation est strictement encadr\u00e9e par la l\u00e9gislation europ\u00e9enne. Pourtant, plus de 5\u202f000 substances chimiques ont \u00e9t\u00e9 utilis\u00e9es \u00e0 travers les d\u00e9cennies dans les produits capillaires, certaines faisant aujourd\u2019hui d\u00e9bat ou \u00e9tant tout bonnement interdites. Les questions de s\u00e9curit\u00e9 ne sont donc pas sorties de nulle part : chaque mol\u00e9cule fait l\u2019objet de rapports scientifiques sur sa nocivit\u00e9, ses effets secondaires et son potentiel allerg\u00e8ne, aboutissant \u00e0 des restrictions pr\u00e9cises de concentration.<\/p>\n\n<h3 class=\"wp-block-heading\"><span class=\"ez-toc-section\" id=\"Zoom-sur-les-ingredients-a-surveiller\"><\/span>Zoom sur les ingr\u00e9dients \u00e0 surveiller<span class=\"ez-toc-section-end\"><\/span><\/h3>\n\n<p class=\"wp-block-paragraph\">Certains composants se retrouvent plus souvent sur la sellette :<\/p>\n\n<ul class=\"wp-block-list\"><li><strong>PPD<\/strong> (paraph\u00e9nyl\u00e8nediamine)\u202f: associ\u00e9 \u00e0 des allergies de contact parfois s\u00e9v\u00e8res.<\/li><li><strong>R\u00e9sorcinol<\/strong>\u202f: class\u00e9 irritant, parfois suspect\u00e9 d\u2019effets perturbateurs endocriniens.<\/li><li><strong>Ammoniaque<\/strong>\u202f: responsable de d\u00e9mangeaisons et d\u2019irritations, parfois temporairement tr\u00e8s incommodantes.<\/li><li><strong>Peroxyde d\u2019hydrog\u00e8ne<\/strong>\u202f: utilis\u00e9 \u00e0 des doses calcul\u00e9es pour d\u00e9colorer, mais peut fragiliser la fibre capillaire.<\/li><\/ul>\n\n<p class=\"wp-block-paragraph\">Ces ingr\u00e9dients ne sont cependant pas toxiques de la m\u00eame fa\u00e7on pour tout le monde, d\u2019o\u00f9 l\u2019importance de la personnalisation du conseil au salon.<\/p>\n\n<h2 class=\"wp-block-heading\"><span class=\"ez-toc-section\" id=\"Effets-secondaires-et-allergies%E2%80%AF-de-la-simple-gene-aux-reactions-severes\"><\/span>Effets secondaires et allergies\u202f: de la simple g\u00eane aux r\u00e9actions s\u00e9v\u00e8res<span class=\"ez-toc-section-end\"><\/span><\/h2>\n\n<p class=\"wp-block-paragraph\">La composition chimique des couleurs de cheveux porte sa part de risques, principalement \u00e0 court terme. Parmi les soucis fr\u00e9quents rencontr\u00e9s aussi bien au salon qu\u2019\u00e0 domicile, on recense en premier lieu les <strong>allergies<\/strong>. La PPD, la vedette des allerg\u00e8nes capillaires, est responsable de bon nombre de d\u00e9mangeaisons, plaques rouges, ou \u0153d\u00e8mes sur le cuir chevelu, parfois m\u00eame sur le visage. C\u2019est la raison pour laquelle un test allergique est recommand\u00e9 48 heures avant toute utilisation, geste trop souvent n\u00e9glig\u00e9 par manque de temps ou d\u2019habitude.<\/p>\n\n<p class=\"wp-block-paragraph\">Outre les allergies, des <strong>effets secondaires temporaires<\/strong> font r\u00e9guli\u00e8rement surface\u202f: sensations de br\u00fblure, cuir chevelu qui tiraille, ou simple fragilisation de la chevelure qui peut sembler plus r\u00eache ou cassante apr\u00e8s une coloration. Ces r\u00e9actions sont le plus souvent r\u00e9versibles avec les bons soins post-coloration. \u00c0 noter, certaines personnes \u00e0 la peau sensible ou d\u00e9j\u00e0 sensibilis\u00e9e courent plus de risques et devraient syst\u00e9matiquement informer leur coiffeur pour adapter le choix du produit capillaire.<\/p>\n\n<p class=\"wp-block-paragraph\">Il existe des cas plus rares mais impressionnants\u202f: r\u00e9actions g\u00e9n\u00e9ralis\u00e9es, \u0153d\u00e8mes importants ou urticaire sur l\u2019ensemble de la t\u00eate voire du corps. Ce sont des situations d\u2019urgence qui n\u00e9cessitent interruption imm\u00e9diate et parfois prise en charge m\u00e9dicale. C\u2019est pourquoi la sensibilisation autour des couleurs de cheveux et de leur potentiel toxique continue de progresser chez les professionnels.<\/p>\n\n<h3 class=\"wp-block-heading\"><span class=\"ez-toc-section\" id=\"Personnage-temoin-le-quotidien-dAline-habituee-du-salon\"><\/span>Personnage t\u00e9moin : le quotidien d\u2019Aline, habitu\u00e9e du salon<span class=\"ez-toc-section-end\"><\/span><\/h3>\n\n<p class=\"wp-block-paragraph\">Aline, cliente fid\u00e8le d\u2019un salon urbain, avait l\u2019habitude de faire couvrir ses cheveux blancs tous les mois. Un jour, elle ressent de vives d\u00e9mangeaisons, puis voit appara\u00eetre de petits boutons autour de la racine. Son coiffeur r\u00e9alise alors l\u2019importance du test cutan\u00e9 syst\u00e9matique, m\u00eame pour les clientes habitu\u00e9es. Apr\u00e8s adaptation de la formule et respect du temps de pose, les d\u00e9sagr\u00e9ments n\u2019ont plus jamais refait surface\u202f: un exemple de l\u2019utilit\u00e9 d\u2019un bon diagnostic en amont\u202f!<\/p>\n\n<h2 class=\"wp-block-heading\"><span class=\"ez-toc-section\" id=\"Colorations-capillaires%E2%80%AF-quels-dangers-pour-la-sante-a-long-terme%E2%80%AF\"><\/span>Colorations capillaires\u202f: quels dangers pour la sant\u00e9 \u00e0 long terme\u202f?<span class=\"ez-toc-section-end\"><\/span><\/h2>\n\n<p class=\"wp-block-paragraph\">Parmi les pr\u00e9occupations majeures, l\u2019\u00e9ventualit\u00e9 d\u2019une toxicit\u00e9 \u00e0 long terme revient r\u00e9guli\u00e8rement dans les discussions. Si les effets secondaires imm\u00e9diats sont d\u00e9sormais mieux cern\u00e9s, la question des risques pour la sant\u00e9 de l\u2019exposition cumul\u00e9e aux substances chimiques intrigue encore. Les couleurs de cheveux utilis\u00e9es au salon ou \u00e0 domicile repr\u00e9sentent-elles une menace aux usages r\u00e9p\u00e9t\u00e9s\u202f?<\/p>\n\n<p class=\"wp-block-paragraph\">Le Centre international de recherche sur le cancer (CIRC), rattach\u00e9 \u00e0 l\u2019OMS, a class\u00e9 l\u2019exposition professionnelle des coiffeurs comme \u201cprobablement canc\u00e9rog\u00e8ne\u201d apr\u00e8s des \u00e9tudes portant sur l\u2019incidence de certains cancers, notamment de la vessie et du sein. Cette classification concerne en priorit\u00e9 les personnes manipulant les produits capillaires au quotidien\u202f: coiffeuses et coiffeurs, expos\u00e9s pendant des ann\u00e9es, parfois sans pr\u00e9caution suffisante.<\/p>\n\n<p class=\"wp-block-paragraph\">Pour la client\u00e8le, la prudence reste de mise, m\u00eame si les donn\u00e9es scientifiques sont moins tranch\u00e9es. D\u2019un c\u00f4t\u00e9, certaines \u00e9tudes signalent une l\u00e9g\u00e8re augmentation du risque avec la fr\u00e9quence et la dur\u00e9e d\u2019exposition\u202f; d\u2019un autre, des travaux r\u00e9cents minimisent ce danger en soulignant la difficult\u00e9 \u00e0 attribuer un effet direct aux seuls colorants capillaires. Mode de vie, alimentation, pollution environnementale forment autant de variables confondantes. En 2026, on retient surtout que la dose cumul\u00e9e, autrement dit la r\u00e9gularit\u00e9 et la quantit\u00e9 d\u2019applications, peut augmenter les risques, notamment en cas de colorations mensuelles sur plusieurs ann\u00e9es.<\/p>\n\n<p class=\"wp-block-paragraph\">Les effets secondaires \u00e9voqu\u00e9s ne concernent pas que les colorations dites chimiques\u202f: certains produits naturels mal identifi\u00e9s ou contenant des additifs peuvent \u00e9galement pr\u00e9senter leurs propres dangers. Il s\u2019agit donc de rester attentif \u00e0 chaque ingr\u00e9dient et \u00e0 la fr\u00e9quence d\u2019utilisation, plut\u00f4t que de diaboliser telle ou telle gamme en bloc.<\/p>\n\n<h2 class=\"wp-block-heading\"><span class=\"ez-toc-section\" id=\"Reglementation-europeenne-et-bonnes-pratiques-chez-le-coiffeur\"><\/span>R\u00e9glementation europ\u00e9enne et bonnes pratiques chez le coiffeur<span class=\"ez-toc-section-end\"><\/span><\/h2>\n\n<p class=\"wp-block-paragraph\">Depuis de nombreuses ann\u00e9es, la r\u00e9glementation europ\u00e9enne s\u2019est consid\u00e9rablement durcie sur les produits capillaires. Avant la mise en rayon ou l\u2019utilisation chez le coiffeur, chaque coloration, permanente ou temporaire, doit r\u00e9pondre \u00e0 des crit\u00e8res stricts. Le r\u00e8glement CE 1223\/2009 impose qu\u2019aucun ingr\u00e9dient class\u00e9 comme trop toxique ne soit pr\u00e9sent en quantit\u00e9 sup\u00e9rieure \u00e0 une certaine dose. Plus de 150 substances auparavant autoris\u00e9es ont ainsi \u00e9t\u00e9 retir\u00e9es ou limit\u00e9es dans les formules depuis le d\u00e9but des ann\u00e9es 2010.<\/p>\n\n<p class=\"wp-block-paragraph\">Les coiffeurs professionnels jouent aussi un r\u00f4le de vigie. Ils veillent \u00e0 respecter les dosages pr\u00e9cis, \u00e0 adapter les produits \u00e0 chaque cheveu et \u00e0 chaque peau, et \u00e0 s\u00e9curiser l\u2019exp\u00e9rience en salon. Les fabricants, de leur c\u00f4t\u00e9, doivent garantir un dossier compl\u00e9t\u00e9 de s\u00e9curit\u00e9 et effectuer les tests pr\u00e9alables pour obtenir l\u2019autorisation de vendre ou d\u2019utiliser la teinture.<\/p>\n\n<p class=\"wp-block-paragraph\">Malgr\u00e9 toutes ces pr\u00e9cautions, la vigilance reste de mise, notamment dans le respect du temps de pose et des instructions d\u2019application. Prendre quelques minutes pour relire la notice, se faire accompagner par le professionnel et oser poser des questions sur la composition, c\u2019est aussi une mani\u00e8re de s\u2019impliquer en tant que cliente ou client.<\/p>\n\n<h3 class=\"wp-block-heading\"><span class=\"ez-toc-section\" id=\"Pourquoi-les-jeunes-et-les-femmes-enceintes-sont-ils-plus-concernes%E2%80%AF\"><\/span>Pourquoi les jeunes et les femmes enceintes sont-ils plus concern\u00e9s\u202f?<span class=\"ez-toc-section-end\"><\/span><\/h3>\n\n<p class=\"wp-block-paragraph\">Les recommandations actuelles d\u00e9conseillent les colorations capillaires chimiques avant 16 ans et incitent \u00e0 limiter leur usage pendant la grossesse, m\u00eame si aucun effet sp\u00e9cifique n\u2019a \u00e9t\u00e9 scientifiquement attribu\u00e9 \u00e0 ces p\u00e9riodes de la vie. Par principe de pr\u00e9caution, il est judicieux d\u2019attendre avant une premi\u00e8re tentative et de ne pas multiplier les applications rapproch\u00e9es.<\/p>\n\n<h2 class=\"wp-block-heading\"><span class=\"ez-toc-section\" id=\"Colorations-naturelles-et-alternatives-moins-toxiques%E2%80%AF-que-faut-il-vraiment-en-penser%E2%80%AF\"><\/span>Colorations naturelles et alternatives moins toxiques\u202f: que faut-il vraiment en penser\u202f?<span class=\"ez-toc-section-end\"><\/span><\/h2>\n\n<p class=\"wp-block-paragraph\">Face \u00e0 la mont\u00e9e des pr\u00e9occupations pour la sant\u00e9, le march\u00e9 des couleurs de cheveux regorge d\u00e9sormais de propositions \u201cnaturelles\u201d, \u201csans ammoniaque\u201d ou \u201cbio\u201d. Sur le papier, ces alternatives semblent rassurantes. Mais la r\u00e9alit\u00e9 peut varier. Une teinture sans ammoniaque troque en g\u00e9n\u00e9ral cet ingr\u00e9dient contre d\u2019autres agents chimiques (comme la mono\u00e9thanolamine) dont les risques pour la sant\u00e9 ne sont pas toujours mieux connus ou mieux tol\u00e9r\u00e9s par les cuirs chevelus sensibles.<\/p>\n\n<p class=\"wp-block-paragraph\">Les teintures v\u00e9g\u00e9tales, \u00e0 base de henn\u00e9, d\u2019indigo ou de rhubarbe, s\u00e9duisent pour leur c\u00f4t\u00e9 naturel et sont appr\u00e9ci\u00e9es pour leur absence de substances class\u00e9es comme canc\u00e9rog\u00e8nes. Toutefois, toutes les poudres v\u00e9g\u00e9tales du commerce ne se valent pas\u202f: des additifs chimiques ou allergisants y sont parfois int\u00e9gr\u00e9s pour en am\u00e9liorer la tenue ou la couleur, d\u2019o\u00f9 l\u2019importance de lire minutieusement l\u2019\u00e9tiquette ou de s\u2019orienter vers les salons ayant engag\u00e9 une d\u00e9marche transparente.<\/p>\n\n<p class=\"wp-block-paragraph\">Le principal conseil\u202f? Choisir ses produits capillaires avec discernement, sans c\u00e9der aux arguments faciles. Privil\u00e9gier une coloration v\u00e9g\u00e9tale pure, r\u00e9aliser syst\u00e9matiquement un test allergique et limiter la fr\u00e9quence des applications permettra de r\u00e9duire au minimum l\u2019exposition \u00e0 d\u2019\u00e9ventuels ingr\u00e9dients toxiques tout en profitant de jolis reflets.<\/p>\n\n<h3 class=\"wp-block-heading\"><span class=\"ez-toc-section\" id=\"Quelques-conseils-pratiques-pour-allier-securite-et-plaisir-de-la-couleur\"><\/span>Quelques conseils pratiques pour allier s\u00e9curit\u00e9 et plaisir de la couleur<span class=\"ez-toc-section-end\"><\/span><\/h3>\n\n<ul class=\"wp-block-list\"><li>Lire attentivement la liste d\u2019ingr\u00e9dients, m\u00eame pour une coloration naturelle.<\/li><li>R\u00e9aliser un test allergique 48\u202fheures avant chaque application, quelle que soit la gamme de produits capillaires.<\/li><li>Respecter strictement les consignes de temps de pose.<\/li><li>Espacer les applications autant que possible, \u00e9viter les retouches mensuelles.<\/li><li>Demander conseil \u00e0 un coiffeur form\u00e9 sur les diff\u00e9rentes alternatives, particuli\u00e8rement en cas de terrain allergique ou de cuir chevelu sensible.<\/li><\/ul>\n\n<p class=\"wp-block-paragraph\">En gardant ces r\u00e9flexes simples, profiter des couleurs de cheveux sans mauvaise surprise devient un vrai plaisir partag\u00e9, en toute s\u00e9curit\u00e9\u202f!<\/p>\n\n","protected":false},"excerpt":{"rendered":"<p>Changer la couleur de ses cheveux, c\u2019est souvent bien plus qu\u2019une affaire de mode : on y cherche un coup [&hellip;]<\/p>\n","protected":false},"author":7,"featured_media":5906,"comment_status":"open","ping_status":"close","sticky":false,"template":"","format":"standard","meta":{"_crdt_document":"","site-sidebar-layout":"default","site-content-layout":"","ast-site-content-layout":"default","site-content-style":"default","site-sidebar-style":"default","ast-global-header-display":"","ast-banner-title-visibility":"","ast-main-header-display":"","ast-hfb-above-header-display":"","ast-hfb-below-header-display":"","ast-hfb-mobile-header-display":"","site-post-title":"","ast-breadcrumbs-content":"","ast-featured-img":"","footer-sml-layout":"","ast-disable-related-posts":"","theme-transparent-header-meta":"","adv-header-id-meta":"","stick-header-meta":"","header-above-stick-meta":"","header-main-stick-meta":"","header-below-stick-meta":"","astra-migrate-meta-layouts":"default","ast-page-background-enabled":"default","ast-page-background-meta":{"desktop":{"background-color":"var(--ast-global-color-4)","background-image":"","background-repeat":"repeat","background-position":"center center","background-size":"auto","background-attachment":"scroll","background-type":"","background-media":"","overlay-type":"","overlay-color":"","overlay-opacity":"","overlay-gradient":""},"tablet":{"background-color":"","background-image":"","background-repeat":"repeat","background-position":"center center","background-size":"auto","background-attachment":"scroll","background-type":"","background-media":"","overlay-type":"","overlay-color":"","overlay-opacity":"","overlay-gradient":""},"mobile":{"background-color":"","background-image":"","background-repeat":"repeat","background-position":"center center","background-size":"auto","background-attachment":"scroll","background-type":"","background-media":"","overlay-type":"","overlay-color":"","overlay-opacity":"","overlay-gradient":""}},"ast-content-background-meta":{"desktop":{"background-color":"var(--ast-global-color-5)","background-image":"","background-repeat":"repeat","background-position":"center center","background-size":"auto","background-attachment":"scroll","background-type":"","background-media":"","overlay-type":"","overlay-color":"","overlay-opacity":"","overlay-gradient":""},"tablet":{"background-color":"var(--ast-global-color-5)","background-image":"","background-repeat":"repeat","background-position":"center center","background-size":"auto","background-attachment":"scroll","background-type":"","background-media":"","overlay-type":"","overlay-color":"","overlay-opacity":"","overlay-gradient":""},"mobile":{"background-color":"var(--ast-global-color-5)","background-image":"","background-repeat":"repeat","background-position":"center center","background-size":"auto","background-attachment":"scroll","background-type":"","background-media":"","overlay-type":"","overlay-color":"","overlay-opacity":"","overlay-gradient":""}},"footnotes":""},"categories":[1547],"tags":[],"class_list":["post-5907","post","type-post","status-publish","format-standard","has-post-thumbnail","hentry","category-coloration"],"_links":{"self":[{"href":"https:\/\/www.saint-martin-coiffure.fr\/blog\/wp-json\/wp\/v2\/posts\/5907","targetHints":{"allow":["GET"]}}],"collection":[{"href":"https:\/\/www.saint-martin-coiffure.fr\/blog\/wp-json\/wp\/v2\/posts"}],"about":[{"href":"https:\/\/www.saint-martin-coiffure.fr\/blog\/wp-json\/wp\/v2\/types\/post"}],"author":[{"embeddable":true,"href":"https:\/\/www.saint-martin-coiffure.fr\/blog\/wp-json\/wp\/v2\/users\/7"}],"replies":[{"embeddable":true,"href":"https:\/\/www.saint-martin-coiffure.fr\/blog\/wp-json\/wp\/v2\/comments?post=5907"}],"version-history":[{"count":0,"href":"https:\/\/www.saint-martin-coiffure.fr\/blog\/wp-json\/wp\/v2\/posts\/5907\/revisions"}],"wp:featuredmedia":[{"embeddable":true,"href":"https:\/\/www.saint-martin-coiffure.fr\/blog\/wp-json\/wp\/v2\/media\/5906"}],"wp:attachment":[{"href":"https:\/\/www.saint-martin-coiffure.fr\/blog\/wp-json\/wp\/v2\/media?parent=5907"}],"wp:term":[{"taxonomy":"category","embeddable":true,"href":"https:\/\/www.saint-martin-coiffure.fr\/blog\/wp-json\/wp\/v2\/categories?post=5907"},{"taxonomy":"post_tag","embeddable":true,"href":"https:\/\/www.saint-martin-coiffure.fr\/blog\/wp-json\/wp\/v2\/tags?post=5907"}],"curies":[{"name":"wp","href":"https:\/\/api.w.org\/{rel}","templated":true}]}}