{"id":5905,"date":"2026-03-30T13:12:09","date_gmt":"2026-03-30T11:12:09","guid":{"rendered":"https:\/\/www.saint-martin-coiffure.fr\/blog\/quelle-couleur-choisir-avant-ou-apres-une-permanente-chez-le-coiffeur"},"modified":"2026-03-30T13:12:09","modified_gmt":"2026-03-30T11:12:09","slug":"quelle-couleur-choisir-avant-ou-apres-une-permanente-chez-le-coiffeur","status":"publish","type":"post","link":"https:\/\/www.saint-martin-coiffure.fr\/blog\/quelle-couleur-choisir-avant-ou-apres-une-permanente-chez-le-coiffeur","title":{"rendered":"Quelle couleur choisir avant ou apr\u00e8s une permanente chez le coiffeur ?"},"content":{"rendered":"<p class=\"wp-block-paragraph\">Changer de t\u00eate, c\u2019est toujours excitant\u202f! Mais lorsqu\u2019on souhaite mixer deux transformations majeures \u2013 une couleur cheveux et une permanente \u2013 il est normal de se questionner. Faut-il d\u2019abord fixer son choix de couleur avant de passer entre les mains expertes du coiffeur pour les boucles\u202f? La coloration s\u2019accorde-t-elle facilement avec une permanente\u202f? Et une fois la chevelure m\u00e9tamorphos\u00e9e, comment prolonger l\u2019\u00e9clat de sa couleur sans risquer d\u2019endommager la fibre\u202f? Entre astuces de professionnels, conseils coiffure adapt\u00e9s et retours d\u2019exp\u00e9riences, les combinaisons sont nombreuses, mais chaque chevelure a ses secrets. Comprendre la compatibilit\u00e9 couleur permanente, r\u00e9ussir son choix et savoir entretenir ses longueurs sont autant d\u2019\u00e9tapes pour afficher fi\u00e8rement des cheveux \u00e9tincelants, pleins de vitalit\u00e9, boucl\u00e9s ou color\u00e9s \u00e0 souhait. Avant de demander \u201cQuelle couleur choisir avant ou apr\u00e8s une permanente chez le coiffeur ?\u201d, il est essentiel de d\u00e9cortiquer les possibilit\u00e9s pour \u00e9viter faux-pas et d\u00e9convenues.<\/p>\n\n<p class=\"wp-block-paragraph\">Voici une mise en lumi\u00e8re des \u00e9tapes cruciales pour une transition r\u00e9ussie, qu\u2019on d\u00e9cide de colorer avant ou apr\u00e8s une mise en pli permanente.<\/p>\n\n<ul class=\"wp-block-list\"><li><strong>Comment d\u00e9terminer le bon ordre\u202f: coloration avant ou apr\u00e8s permanente\u202f?<\/strong><\/li><li><strong>Quels effets la permanente peut-elle avoir sur la couleur des cheveux\u202f?<\/strong><\/li><li><strong>Quelles teintes sont les plus adapt\u00e9es pour une couleur cheveux permanente r\u00e9ussie\u202f?<\/strong><\/li><li><strong>Zoom sur les erreurs courantes et bonnes pratiques \u00e0 adopter chez le coiffeur.<\/strong><\/li><li><strong>Conseils d\u2019entretien pour pr\u00e9server brillance, douceur et intensit\u00e9 des couleurs.<\/strong><\/li><\/ul>\n\n<div id=\"ez-toc-container\" class=\"ez-toc-v2_0_82_2 counter-hierarchy ez-toc-counter ez-toc-custom ez-toc-container-direction\">\n<div class=\"ez-toc-title-container\">\n<div class=\"ez-toc-title ez-toc-toggle\" style=\"cursor:pointer\">Sommaire : <\/div>\n<span class=\"ez-toc-title-toggle\"><a href=\"#\" class=\"ez-toc-pull-right ez-toc-btn ez-toc-btn-xs ez-toc-btn-default ez-toc-toggle\" aria-label=\"Toggle Table of Content\"><span class=\"ez-toc-js-icon-con\"><span class=\"\"><span class=\"eztoc-hide\" style=\"display:none;\">Toggle<\/span><span class=\"ez-toc-icon-toggle-span\"><svg style=\"fill: #545454;color:#545454\" xmlns=\"http:\/\/www.w3.org\/2000\/svg\" class=\"list-377408\" width=\"20px\" height=\"20px\" viewBox=\"0 0 24 24\" fill=\"none\"><path d=\"M6 6H4v2h2V6zm14 0H8v2h12V6zM4 11h2v2H4v-2zm16 0H8v2h12v-2zM4 16h2v2H4v-2zm16 0H8v2h12v-2z\" fill=\"currentColor\"><\/path><\/svg><svg style=\"fill: #545454;color:#545454\" class=\"arrow-unsorted-368013\" xmlns=\"http:\/\/www.w3.org\/2000\/svg\" width=\"10px\" height=\"10px\" viewBox=\"0 0 24 24\" version=\"1.2\" baseProfile=\"tiny\"><path d=\"M18.2 9.3l-6.2-6.3-6.2 6.3c-.2.2-.3.4-.3.7s.1.5.3.7c.2.2.4.3.7.3h11c.3 0 .5-.1.7-.3.2-.2.3-.5.3-.7s-.1-.5-.3-.7zM5.8 14.7l6.2 6.3 6.2-6.3c.2-.2.3-.5.3-.7s-.1-.5-.3-.7c-.2-.2-.4-.3-.7-.3h-11c-.3 0-.5.1-.7.3-.2.2-.3.5-.3.7s.1.5.3.7z\"\/><\/svg><\/span><\/span><\/span><\/a><\/span><\/div>\n<nav><ul class='ez-toc-list ez-toc-list-level-1 ' ><li class='ez-toc-page-1 ez-toc-heading-level-2'><a class=\"ez-toc-link ez-toc-heading-1\" href=\"https:\/\/www.saint-martin-coiffure.fr\/blog\/quelle-couleur-choisir-avant-ou-apres-une-permanente-chez-le-coiffeur\/#Coloration-avant-ou-apres-la-permanente%E2%80%AF-comment-choisir-lordre-ideal-chez-le-coiffeur\" >Coloration avant ou apr\u00e8s la permanente\u202f: comment choisir l\u2019ordre id\u00e9al chez le coiffeur ?<\/a><\/li><li class='ez-toc-page-1 ez-toc-heading-level-2'><a class=\"ez-toc-link ez-toc-heading-2\" href=\"https:\/\/www.saint-martin-coiffure.fr\/blog\/quelle-couleur-choisir-avant-ou-apres-une-permanente-chez-le-coiffeur\/#Effets-de-la-permanente-sur-la-couleur-cheveux%E2%80%AF-ce-quil-faut-savoir-avant-de-se-lancer\" >Effets de la permanente sur la couleur cheveux\u202f: ce qu\u2019il faut savoir avant de se lancer<\/a><\/li><li class='ez-toc-page-1 ez-toc-heading-level-2'><a class=\"ez-toc-link ez-toc-heading-3\" href=\"https:\/\/www.saint-martin-coiffure.fr\/blog\/quelle-couleur-choisir-avant-ou-apres-une-permanente-chez-le-coiffeur\/#Choisir-la-meilleure-couleur-cheveux-apres-une-permanente%E2%80%AF-conseils-et-astuces\" >Choisir la meilleure couleur cheveux apr\u00e8s une permanente\u202f: conseils et astuces<\/a><\/li><li class='ez-toc-page-1 ez-toc-heading-level-2'><a class=\"ez-toc-link ez-toc-heading-4\" href=\"https:\/\/www.saint-martin-coiffure.fr\/blog\/quelle-couleur-choisir-avant-ou-apres-une-permanente-chez-le-coiffeur\/#Erreurs-frequentes-et-bonnes-pratiques-pour-reussir-sa-coloration-apres-permanente\" >Erreurs fr\u00e9quentes et bonnes pratiques pour r\u00e9ussir sa coloration apr\u00e8s permanente<\/a><\/li><li class='ez-toc-page-1 ez-toc-heading-level-2'><a class=\"ez-toc-link ez-toc-heading-5\" href=\"https:\/\/www.saint-martin-coiffure.fr\/blog\/quelle-couleur-choisir-avant-ou-apres-une-permanente-chez-le-coiffeur\/#Conseils-dentretien-pour-cheveux-colores-apres-une-permanente%E2%80%AF-preserver-couleur-et-douceur\" >Conseils d\u2019entretien pour cheveux color\u00e9s apr\u00e8s une permanente\u202f: pr\u00e9server couleur et douceur<\/a><\/li><\/ul><\/nav><\/div>\n<h2 class=\"wp-block-heading\"><span class=\"ez-toc-section\" id=\"Coloration-avant-ou-apres-la-permanente%E2%80%AF-comment-choisir-lordre-ideal-chez-le-coiffeur\"><\/span>Coloration avant ou apr\u00e8s la permanente\u202f: comment choisir l\u2019ordre id\u00e9al chez le coiffeur ?<span class=\"ez-toc-section-end\"><\/span><\/h2>\n\n<p class=\"wp-block-paragraph\">Face \u00e0 l\u2019envie d\u2019oser une double transformation, la question du moment parfait pour passer \u00e0 la coloration cheveux se pose souvent. Doit-on r\u00e9aliser sa teinture cheveux avant d\u2019effectuer la permanente, ou l\u2019inverse\u202f? Chaque option pr\u00e9sente ses avantages, mais aussi des limites. En salon, la plupart des sp\u00e9cialistes recommandent de commencer par la permanente avant la couleur. Pourquoi\u202f? La permanente modifie la structure de la fibre capillaire, l\u2019ouvrant pour cr\u00e9er la forme boucl\u00e9e ou ondul\u00e9e souhait\u00e9e. Ce processus, m\u00eame avec les formules actuelles plus respectueuses, reste chimique\u202f: il fragilise le cheveu, le rendant plus poreux et sensible aux agressions ext\u00e9rieures.<\/p>\n\n<p class=\"wp-block-paragraph\">Si la couleur est pos\u00e9e <strong>avant la permanente<\/strong>, les produits chimiques utilis\u00e9s risquent de ternir la teinte ou de la modifier de fa\u00e7on impr\u00e9vue. Par exemple, une coloration brune peut virer au cuivr\u00e9\u202f! \u00c0 l\u2019inverse, r\u00e9aliser la <strong>coloration apr\u00e8s la permanente<\/strong> permet de fixer la couleur sur une fibre d\u00e9j\u00e0 transform\u00e9e, pour un rendu plus stable, m\u00eame si la porosit\u00e9 plus \u00e9lev\u00e9e du cheveu r\u00e9clame alors une surveillance accrue. Le choix d\u00e9pend \u00e9galement du type de teinte choisie et de son intensit\u00e9\u202f: une couleur temporaire n\u2019ob\u00e9it pas aux m\u00eames r\u00e8gles qu\u2019une coloration permanente ou \u00e0 base d\u2019huile.<\/p>\n\n<p class=\"wp-block-paragraph\">Pour y voir plus clair, il est conseill\u00e9 de dialoguer avec son coiffeur\u202f: chaque chevelure a ses ant\u00e9c\u00e9dents, son v\u00e9cu et sa sensibilit\u00e9. Parfois, une consultation s\u2019impose pour effectuer un diagnostic personnalis\u00e9. Enfin, pr\u00e9voir un temps d\u2019attente entre chaque prestation reste une bonne pratique\u202f: apr\u00e8s une permanente, deux semaines sont id\u00e9ales pour laisser la fibre retrouver un certain \u00e9quilibre avant d\u2019encha\u00eener sur une couleur. L\u2019exp\u00e9rience de Julie, venue r\u00e9cemment en salon pour changer radicalement de look, montre qu\u2019un d\u00e9lai de quinze jours entre permanente et coloration limite nettement les risques de sensibilisation et de couleurs instables.<\/p>\n\n<p class=\"wp-block-paragraph\">Dans tous les cas, faire preuve de patience et \u00e9couter les conseils coiffure personnalis\u00e9s apporte souvent le plus beau r\u00e9sultat\u202f! La prochaine \u00e9tape concerne les effets concrets que produit la permanente sur la coloration d\u00e9j\u00e0 en place ou \u00e0 venir\u2026<\/p>\n\n<h2 class=\"wp-block-heading\"><span class=\"ez-toc-section\" id=\"Effets-de-la-permanente-sur-la-couleur-cheveux%E2%80%AF-ce-quil-faut-savoir-avant-de-se-lancer\"><\/span>Effets de la permanente sur la couleur cheveux\u202f: ce qu\u2019il faut savoir avant de se lancer<span class=\"ez-toc-section-end\"><\/span><\/h2>\n\n<p class=\"wp-block-paragraph\">L\u2019univers de la coiffure regorge de petites subtilit\u00e9s qui font toute la diff\u00e9rence entre une couleur vibrante et un r\u00e9sultat un peu terne. Lorsqu\u2019un coiffeur r\u00e9alise une permanente sur des cheveux color\u00e9s, tout l\u2019enjeu est de conserver l\u2019harmonie de teinte tout en respectant la sant\u00e9 de la chevelure. En effet, la permanente, en modifiant la structure du cheveu, peut agir sur la fixation des pigments colorants. Les boucles apparaissent, mais la couleur peut perdre de son \u00e9clat, voire virer. R\u00e9sultat\u202f: m\u00eame si la magie d\u2019une couleur permanente sugg\u00e8re une longue tenue, certaines nuances peuvent s\u2019estomper pr\u00e9matur\u00e9ment ou r\u00e9v\u00e9ler des reflets inattendus.<\/p>\n\n<p class=\"wp-block-paragraph\">En pratique, plus le cheveu est poreux, plus il risque de \u201cd\u00e9gorger\u201d sa couleur, notamment lors des lavages r\u00e9p\u00e9t\u00e9s ou si on opte pour des teintes tr\u00e8s vives. Les adeptes du blond polaire ou des rouges profonds l\u2019ont remarqu\u00e9\u202f: apr\u00e8s une permanente, entretenir la brillance et la profondeur exige un soin particulier. \u00c0 l\u2019inverse, une coloration fonc\u00e9e peut r\u00e9sister un peu mieux, mais l\u00e0 aussi, tout d\u00e9pend de la compatibilit\u00e9 couleur permanente et de la qualit\u00e9 des produits utilis\u00e9s en salon. Les formules sans ammoniaque limitent souvent les d\u00e9rapages. L\u2019une des erreurs fr\u00e9quentes reste de vouloir \u00e9conomiser du temps en cumulant les deux proc\u00e9dures le m\u00eame jour. Cela expose le cuir chevelu \u00e0 de multiples agressions, avec un risque d\u2019irritations ou de r\u00e9sultat non uniforme.<\/p>\n\n<p class=\"wp-block-paragraph\">L\u2019effet inverse est aussi possible\u202f: une permanente effectu\u00e9e apr\u00e8s une coloration fra\u00eechement pos\u00e9e risque de casser les pigments nouvellement install\u00e9s. Il vaut mieux \u00e9viter ce sc\u00e9nario, sauf pour les techniques de coloration tr\u00e8s douces (comme les colorations v\u00e9g\u00e9tales ou \u00e0 base d\u2019huiles). C\u2019est pourquoi il existe de nombreux protocoles professionnels pour encha\u00eener ces transformations sans faux pas. Pour en savoir plus sur le d\u00e9roulement d\u2019une prestation chez le coiffeur, d\u00e9couvrez l\u2019article <a href=\"https:\/\/www.saint-martin-coiffure.fr\/blog\/comment-se-passe-une-coloration-chez-le-coiffeur-etapes-et-conseils\">comment se passe une coloration chez le coiffeur, \u00e9tapes et conseils<\/a>, une mine d\u2019astuces pratiques sur le sujet.<\/p>\n\n<p class=\"wp-block-paragraph\">En r\u00e9sum\u00e9, soin, timing et choix du bon protocole font toute la diff\u00e9rence pour pr\u00e9server l\u2019intensit\u00e9 des couleurs sur cheveux permanent\u00e9s.<\/p>\n\n<h2 class=\"wp-block-heading\"><span class=\"ez-toc-section\" id=\"Choisir-la-meilleure-couleur-cheveux-apres-une-permanente%E2%80%AF-conseils-et-astuces\"><\/span>Choisir la meilleure couleur cheveux apr\u00e8s une permanente\u202f: conseils et astuces<span class=\"ez-toc-section-end\"><\/span><\/h2>\n\n<p class=\"wp-block-paragraph\">Le choix de la couleur appropri\u00e9e apr\u00e8s une permanente varie selon la texture obtenue, la carnation du visage et, bien s\u00fbr, le style recherch\u00e9. Apr\u00e8s une transformation par permanente, il est conseill\u00e9 d\u2019opter pour des nuances naturelles ou proches de la teinte d\u2019origine. Les couleurs douces, comme les blonds fonc\u00e9s, ch\u00e2tains lumineux, ou quelques reflets caramels, mettent souvent en valeur la dynamique des boucles cr\u00e9\u00e9es. Les couleurs tr\u00e8s claires ou les teintes fantaisie pr\u00e9sentent davantage de risques d\u2019ass\u00e8chement ou de perte de brillance, car la fibre d\u00e9j\u00e0 sensibilis\u00e9e par la permanente risque de moins bien retenir les pigments.<\/p>\n\n<p class=\"wp-block-paragraph\">Pour mieux visualiser l\u2019effet couleur, un test de m\u00e8che s\u2019av\u00e8re pr\u00e9cieux\u202f: sur une portion discr\u00e8te, on applique la teinture cheveux pr\u00e9vue puis on analyse la r\u00e9action de la fibre. Un diagnostic pr\u00e9alable permet aussi de s\u00e9lectionner les produits adapt\u00e9s, sans substances agressives (type ammoniaque, peroxyde ou parab\u00e8nes). Il existe aujourd\u2019hui de nombreuses colorations enrichies en huiles, qui s\u2019adaptent remarquablement aux boucles tout juste form\u00e9es. Ces variantes, comme Olia, propulsent la couleur au c\u0153ur de la fibre tout en prot\u00e9geant sa structure.<\/p>\n\n<p class=\"wp-block-paragraph\">Pour celles et ceux qui veulent \u00e9viter l\u2019uniformit\u00e9, le balayage est une technique tr\u00e8s appr\u00e9ci\u00e9e\u202f: en apportant des contrastes subtils, il sublime les m\u00e8ches en mouvement. En 2026, le balayage argile ou californien fait des \u00e9mules pour son rendu naturel et facile \u00e0 entretenir. Faire confiance \u00e0 un expert du balayage permet d\u2019obtenir une harmonie sur mesure\u202f; ce sujet est d\u2019ailleurs approfondi dans <a href=\"https:\/\/www.saint-martin-coiffure.fr\/blog\/quest-ce-quun-balayage-et-comment-choisir-la-technique-adaptee-a-vos-cheveux\">cet article complet sur le balayage et le choix de la technique adapt\u00e9e<\/a>.<\/p>\n\n<p class=\"wp-block-paragraph\">Rester \u00e0 l\u2019\u00e9coute de son instinct, mais aussi des retours du coiffeur, assure de faire le meilleur choix de couleur, pour une coiffure qui refl\u00e8te personnalit\u00e9, style et vitalit\u00e9.<\/p>\n\n<h2 class=\"wp-block-heading\"><span class=\"ez-toc-section\" id=\"Erreurs-frequentes-et-bonnes-pratiques-pour-reussir-sa-coloration-apres-permanente\"><\/span>Erreurs fr\u00e9quentes et bonnes pratiques pour r\u00e9ussir sa coloration apr\u00e8s permanente<span class=\"ez-toc-section-end\"><\/span><\/h2>\n\n<p class=\"wp-block-paragraph\">Quand on d\u00e9cide de jongler entre couleur cheveux et permanente, certains pi\u00e8ges classiques peuvent venir g\u00e2cher le r\u00e9sultat. Par exemple, effectuer les deux prestations le m\u00eame jour agresse trop la fibre, augmentant les chances d\u2019irritation ou de sensibilisation, et parfois, d\u2019une couleur non uniforme. Autre \u00e9cueil\u202f: n\u00e9gliger le test de sensibilisation avant la pose de la couleur, surtout si la chevelure vient de subir une op\u00e9ration chimique. Ce test, simple mais pr\u00e9cieux, permet de d\u00e9tecter \u00e9ventuelles r\u00e9actions allergiques ou incompatibilit\u00e9s entre produits.<\/p>\n\n<p class=\"wp-block-paragraph\">Les professionnel(le)s conseillent \u00e9galement de ne pas laver ses cheveux dans les 48 heures pr\u00e9c\u00e9dant la coloration. Ainsi, le s\u00e9bum naturel prot\u00e8ge des agressions chimiques. De m\u00eame, choisir des produits doux sans ammoniaque et enrichis en huiles ou actifs nourrissants est une habitude \u00e0 privil\u00e9gier. Cela limite la casse, la s\u00e9cheresse ainsi que l\u2019apparition de frisottis. Ne jamais n\u00e9gliger \u00e9galement l\u2019importance d\u2019un entretien sp\u00e9cifique apr\u00e8s la double transformation\u202f: espacements des shampoings, soin post-coloration, produits adapt\u00e9s \u00e0 la nature des boucles et retouches ma\u00eetris\u00e9es sont les garants d\u2019un r\u00e9sultat longue dur\u00e9e.<\/p>\n\n<ul class=\"wp-block-list\"><li>Pr\u00e9voir deux semaines minimales entre permanente et coloration<\/li><li>Effectuer un test de m\u00e8che avant toute application<\/li><li>Privil\u00e9gier des colorations sans ammoniaque ou v\u00e9g\u00e9tales<\/li><li>Adopter un protocole d\u2019entretien d\u00e9di\u00e9 aux cheveux permanent\u00e9s et color\u00e9s<\/li><li>Demander conseil \u00e0 un coiffeur pour adapter la couleur \u00e0 la nouvelle forme de la chevelure<\/li><\/ul>\n\n<p class=\"wp-block-paragraph\">Une anecdote courante\u202f? Nathalie, cliente r\u00e9guli\u00e8re, r\u00eavait de longs cheveux blond cendr\u00e9 et de boucles bien dessin\u00e9es\u202f: apr\u00e8s avoir suivi scrupuleusement les \u00e9tapes et conseils, ses boucles sont rest\u00e9es souples, et sa couleur stable jusqu\u2019\u00e0 la prochaine retouche racines. Comme quoi, les bons gestes sont souvent les plus simples.<\/p>\n\n<p class=\"wp-block-paragraph\">En r\u00e9sum\u00e9, rester attentif \u00e0 la pr\u00e9paration, au choix des soins cheveux permanents et \u00e0 la qualit\u00e9 des produits utilis\u00e9s contribue \u00e0 maintenir brillance et douceur semaine apr\u00e8s semaine.<\/p>\n\n<h2 class=\"wp-block-heading\"><span class=\"ez-toc-section\" id=\"Conseils-dentretien-pour-cheveux-colores-apres-une-permanente%E2%80%AF-preserver-couleur-et-douceur\"><\/span>Conseils d\u2019entretien pour cheveux color\u00e9s apr\u00e8s une permanente\u202f: pr\u00e9server couleur et douceur<span class=\"ez-toc-section-end\"><\/span><\/h2>\n\n<p class=\"wp-block-paragraph\">Apr\u00e8s avoir franchi le cap d\u2019une coloration et d\u2019une permanente, l\u2019\u00e9tape de l\u2019entretien prend tout son sens. Les cheveux fra\u00eechement color\u00e9s et ondul\u00e9s r\u00e9clament des gestes pr\u00e9cis pour garder un aspect chatoyant et \u00e9viter la casse. Premier conseil\u202f: espacer les shampoings (id\u00e9alement deux \u00e0 trois fois par semaine), pour limiter la fuite des pigments et pr\u00e9server l\u2019hydratation naturelle. Utiliser une eau ti\u00e8de, puis terminer par un rin\u00e7age froid ferme les \u00e9cailles du cheveu, pi\u00e9geant la couleur \u00e0 l&rsquo;int\u00e9rieur du cortex capillaire.<\/p>\n\n<p class=\"wp-block-paragraph\">Les cosm\u00e9tiques d\u00e9di\u00e9s \u00e0 l\u2019entretien cheveux color\u00e9s apportent nutrition et brillance. Shampoings sans sulfates, masques enrichis en huiles v\u00e9g\u00e9tales et soins sans rin\u00e7age prot\u00e8gent la fibre et facilitent le coiffage. Les cheveux color\u00e9s et boucl\u00e9s ainsi trait\u00e9s restent souples, moins sujets aux frisottis et \u00e0 la d\u00e9coloration accidentelle. Attention au soleil et aux sources de chaleur intense qui alt\u00e8rent la teinte et agressent la mati\u00e8re\u202f: privil\u00e9gier les coiffures protectrices ou les sprays offrant une protection UV. Pour optimiser les retouches, il suffit en g\u00e9n\u00e9ral de planifier un passage chez le coiffeur toutes les six \u00e0 huit semaines, en surveillant la repousse des racines.<\/p>\n\n<p class=\"wp-block-paragraph\">Une bonne routine inclut \u00e9galement\u202f:<\/p>\n\n<ul class=\"wp-block-list\"><li>L\u2019application d\u2019un soin profond une fois par semaine pour r\u00e9parer la fibre<\/li><li>Eviter l\u2019utilisation trop fr\u00e9quente de fers ou de s\u00e8che-cheveux \u00e0 temp\u00e9rature \u00e9lev\u00e9e<\/li><li>Prot\u00e9ger ses cheveux du chlore et de la mer en vacances, qui nuisent \u00e0 la couleur<\/li><li>Adopter des produits coiffants doux ou sp\u00e9cifiques aux cheveux trait\u00e9s<\/li><\/ul>\n\n<p class=\"wp-block-paragraph\">Les astuces des experts\u202f: privil\u00e9gier les colorations \u00e0 base d\u2019huile, miser sur un shampoing couleur nourrissant, et choisir des retouches adapt\u00e9es \u00e0 la fr\u00e9quence de ses soins. Pour celles et ceux qui souhaitent aller plus loin dans la pr\u00e9servation de leur couleur, le site <a href=\"https:\/\/www.saint-martin-coiffure.fr\/blog\/combien-de-temps-dure-une-couleur-chez-le-coiffeur-conseils-pour-prolonger-la-tenue\">combien de temps dure une couleur chez le coiffeur\u202f: conseils pour prolonger la tenue<\/a> offre une mine d\u2019informations compl\u00e9mentaires.<\/p>\n\n<p class=\"wp-block-paragraph\">Un cheveu bien entretenu reste la cl\u00e9 d\u2019une transformation durable et harmonieuse, pour profiter longtemps de l\u2019alliance permanente-couleur.<\/p>\n\n","protected":false},"excerpt":{"rendered":"<p>Changer de t\u00eate, c\u2019est toujours excitant\u202f! Mais lorsqu\u2019on souhaite mixer deux transformations majeures \u2013 une couleur cheveux et une permanente [&hellip;]<\/p>\n","protected":false},"author":7,"featured_media":5904,"comment_status":"open","ping_status":"close","sticky":false,"template":"","format":"standard","meta":{"_crdt_document":"","site-sidebar-layout":"default","site-content-layout":"","ast-site-content-layout":"default","site-content-style":"default","site-sidebar-style":"default","ast-global-header-display":"","ast-banner-title-visibility":"","ast-main-header-display":"","ast-hfb-above-header-display":"","ast-hfb-below-header-display":"","ast-hfb-mobile-header-display":"","site-post-title":"","ast-breadcrumbs-content":"","ast-featured-img":"","footer-sml-layout":"","ast-disable-related-posts":"","theme-transparent-header-meta":"","adv-header-id-meta":"","stick-header-meta":"","header-above-stick-meta":"","header-main-stick-meta":"","header-below-stick-meta":"","astra-migrate-meta-layouts":"default","ast-page-background-enabled":"default","ast-page-background-meta":{"desktop":{"background-color":"var(--ast-global-color-4)","background-image":"","background-repeat":"repeat","background-position":"center center","background-size":"auto","background-attachment":"scroll","background-type":"","background-media":"","overlay-type":"","overlay-color":"","overlay-opacity":"","overlay-gradient":""},"tablet":{"background-color":"","background-image":"","background-repeat":"repeat","background-position":"center center","background-size":"auto","background-attachment":"scroll","background-type":"","background-media":"","overlay-type":"","overlay-color":"","overlay-opacity":"","overlay-gradient":""},"mobile":{"background-color":"","background-image":"","background-repeat":"repeat","background-position":"center center","background-size":"auto","background-attachment":"scroll","background-type":"","background-media":"","overlay-type":"","overlay-color":"","overlay-opacity":"","overlay-gradient":""}},"ast-content-background-meta":{"desktop":{"background-color":"var(--ast-global-color-5)","background-image":"","background-repeat":"repeat","background-position":"center center","background-size":"auto","background-attachment":"scroll","background-type":"","background-media":"","overlay-type":"","overlay-color":"","overlay-opacity":"","overlay-gradient":""},"tablet":{"background-color":"var(--ast-global-color-5)","background-image":"","background-repeat":"repeat","background-position":"center center","background-size":"auto","background-attachment":"scroll","background-type":"","background-media":"","overlay-type":"","overlay-color":"","overlay-opacity":"","overlay-gradient":""},"mobile":{"background-color":"var(--ast-global-color-5)","background-image":"","background-repeat":"repeat","background-position":"center center","background-size":"auto","background-attachment":"scroll","background-type":"","background-media":"","overlay-type":"","overlay-color":"","overlay-opacity":"","overlay-gradient":""}},"footnotes":""},"categories":[1547],"tags":[],"class_list":["post-5905","post","type-post","status-publish","format-standard","has-post-thumbnail","hentry","category-coloration"],"_links":{"self":[{"href":"https:\/\/www.saint-martin-coiffure.fr\/blog\/wp-json\/wp\/v2\/posts\/5905","targetHints":{"allow":["GET"]}}],"collection":[{"href":"https:\/\/www.saint-martin-coiffure.fr\/blog\/wp-json\/wp\/v2\/posts"}],"about":[{"href":"https:\/\/www.saint-martin-coiffure.fr\/blog\/wp-json\/wp\/v2\/types\/post"}],"author":[{"embeddable":true,"href":"https:\/\/www.saint-martin-coiffure.fr\/blog\/wp-json\/wp\/v2\/users\/7"}],"replies":[{"embeddable":true,"href":"https:\/\/www.saint-martin-coiffure.fr\/blog\/wp-json\/wp\/v2\/comments?post=5905"}],"version-history":[{"count":0,"href":"https:\/\/www.saint-martin-coiffure.fr\/blog\/wp-json\/wp\/v2\/posts\/5905\/revisions"}],"wp:featuredmedia":[{"embeddable":true,"href":"https:\/\/www.saint-martin-coiffure.fr\/blog\/wp-json\/wp\/v2\/media\/5904"}],"wp:attachment":[{"href":"https:\/\/www.saint-martin-coiffure.fr\/blog\/wp-json\/wp\/v2\/media?parent=5905"}],"wp:term":[{"taxonomy":"category","embeddable":true,"href":"https:\/\/www.saint-martin-coiffure.fr\/blog\/wp-json\/wp\/v2\/categories?post=5905"},{"taxonomy":"post_tag","embeddable":true,"href":"https:\/\/www.saint-martin-coiffure.fr\/blog\/wp-json\/wp\/v2\/tags?post=5905"}],"curies":[{"name":"wp","href":"https:\/\/api.w.org\/{rel}","templated":true}]}}