{"id":5903,"date":"2026-03-29T13:12:46","date_gmt":"2026-03-29T11:12:46","guid":{"rendered":"https:\/\/www.saint-martin-coiffure.fr\/blog\/pourquoi-ma-couleur-na-pas-pris-apres-coiffeur-et-comment-y-remedier"},"modified":"2026-03-29T13:12:46","modified_gmt":"2026-03-29T11:12:46","slug":"pourquoi-ma-couleur-na-pas-pris-apres-coiffeur-et-comment-y-remedier","status":"publish","type":"post","link":"https:\/\/www.saint-martin-coiffure.fr\/blog\/pourquoi-ma-couleur-na-pas-pris-apres-coiffeur-et-comment-y-remedier","title":{"rendered":"Pourquoi ma couleur n&rsquo;a pas pris apr\u00e8s coiffeur et comment y rem\u00e9dier ?"},"content":{"rendered":"<p class=\"wp-block-paragraph\">Vous voil\u00e0 devant le miroir, plein d\u2019espoir apr\u00e8s une visite chez le coiffeur pour votre nouvelle couleur de cheveux. Pourtant, la magie attendue n\u2019op\u00e8re pas : la coloration ne prend pas, ou le r\u00e9sultat s\u2019estompe d\u00e8s les premiers shampoings. Ce sc\u00e9nario traverse l\u2019esprit de beaucoup, laissant place \u00e0 l\u2019incompr\u00e9hension. Comprendre pourquoi vos cheveux semblent r\u00e9sister aux pigments et comment rem\u00e9dier \u00e0 ce souci est bien plus courant qu\u2019on ne le pense. \u00c9chec coloration, probl\u00e8mes de teinture ou coloration rat\u00e9e, chaque chevelure r\u00e9agit \u00e0 sa mani\u00e8re aux produits capillaires et \u00e0 l\u2019application des pigments. Avec des exemples concrets, des techniques de correction couleur et des conseils cheveux adapt\u00e9s \u00e0 2026, il n\u2019y a rien d\u2019insurmontable \u00e0 retrouver \u00e9clat et confiance dans sa chevelure.<\/p>\n\n<p class=\"wp-block-paragraph\">Plus qu\u2019une simple histoire de mode, la coloration capillaire s\u2019inscrit aujourd\u2019hui dans la routine de nombreux hommes et femmes, toutes g\u00e9n\u00e9rations confondues. L\u2019enjeu n\u2019est pas seulement esth\u00e9tique\u202f: il touche aussi \u00e0 l\u2019identit\u00e9 et au plaisir de prendre soin de soi. Face aux rat\u00e9s, entre solutions maison et astuces de professionnels, la bonne info peut tout changer. Que vous soyez concern\u00e9 par la porosit\u00e9, l\u2019\u00e9tat de votre fibre ou la technique de votre coiffeur, l\u2019objectif est de comprendre, diagnostiquer et corriger. Place aux r\u00e9ponses, sans d\u00e9tour ni jargon inutile, pour que chaque couleur cheveux devienne un vrai moment de satisfaction.<\/p>\n\n<ul class=\"wp-block-list\"><li><strong>Pourquoi certains cheveux \u00ab\u00a0rejettent\u00a0\u00bb la couleur<\/strong> et comment reconna\u00eetre ce ph\u00e9nom\u00e8ne d\u00e8s la sortie du salon.<\/li><li><strong>Les causes d\u2019une coloration qui \u00e9choue<\/strong>\u202f: porosit\u00e9, r\u00e9sidus, \u00e9tat de la fibre, erreurs techniques ou facteurs internes.<\/li><li><strong>Diagnostic capillaire<\/strong> : tester et comprendre le type de cheveu pour mieux cibler les rem\u00e8des coloration.<\/li><li><strong>Pr\u00e9paration et soins avant la coloration<\/strong>\u202f: routine, clarification, produits capillaires et timing adapt\u00e9s.<\/li><li><strong>Gestes essentiels apr\u00e8s la couleur et conseils d\u2019expert<\/strong> pour prolonger l\u2019\u00e9clat et corriger une coloration rat\u00e9e.<\/li><\/ul>\n\n<div id=\"ez-toc-container\" class=\"ez-toc-v2_0_82_2 counter-hierarchy ez-toc-counter ez-toc-custom ez-toc-container-direction\">\n<div class=\"ez-toc-title-container\">\n<div class=\"ez-toc-title ez-toc-toggle\" style=\"cursor:pointer\">Sommaire : <\/div>\n<span class=\"ez-toc-title-toggle\"><a href=\"#\" class=\"ez-toc-pull-right ez-toc-btn ez-toc-btn-xs ez-toc-btn-default ez-toc-toggle\" aria-label=\"Toggle Table of Content\"><span class=\"ez-toc-js-icon-con\"><span class=\"\"><span class=\"eztoc-hide\" style=\"display:none;\">Toggle<\/span><span class=\"ez-toc-icon-toggle-span\"><svg style=\"fill: #545454;color:#545454\" xmlns=\"http:\/\/www.w3.org\/2000\/svg\" class=\"list-377408\" width=\"20px\" height=\"20px\" viewBox=\"0 0 24 24\" fill=\"none\"><path d=\"M6 6H4v2h2V6zm14 0H8v2h12V6zM4 11h2v2H4v-2zm16 0H8v2h12v-2zM4 16h2v2H4v-2zm16 0H8v2h12v-2z\" fill=\"currentColor\"><\/path><\/svg><svg style=\"fill: #545454;color:#545454\" class=\"arrow-unsorted-368013\" xmlns=\"http:\/\/www.w3.org\/2000\/svg\" width=\"10px\" height=\"10px\" viewBox=\"0 0 24 24\" version=\"1.2\" baseProfile=\"tiny\"><path d=\"M18.2 9.3l-6.2-6.3-6.2 6.3c-.2.2-.3.4-.3.7s.1.5.3.7c.2.2.4.3.7.3h11c.3 0 .5-.1.7-.3.2-.2.3-.5.3-.7s-.1-.5-.3-.7zM5.8 14.7l6.2 6.3 6.2-6.3c.2-.2.3-.5.3-.7s-.1-.5-.3-.7c-.2-.2-.4-.3-.7-.3h-11c-.3 0-.5.1-.7.3-.2.2-.3.5-.3.7s.1.5.3.7z\"\/><\/svg><\/span><\/span><\/span><\/a><\/span><\/div>\n<nav><ul class='ez-toc-list ez-toc-list-level-1 ' ><li class='ez-toc-page-1 ez-toc-heading-level-2'><a class=\"ez-toc-link ez-toc-heading-1\" href=\"https:\/\/www.saint-martin-coiffure.fr\/blog\/pourquoi-ma-couleur-na-pas-pris-apres-coiffeur-et-comment-y-remedier\/#Pourquoi-certains-cheveux-%E2%80%9Crejettent%E2%80%9D-la-couleur-apres-le-coiffeur%E2%80%AF\" >Pourquoi certains cheveux \u201crejettent\u201d la couleur apr\u00e8s le coiffeur\u202f?<\/a><\/li><li class='ez-toc-page-1 ez-toc-heading-level-2'><a class=\"ez-toc-link ez-toc-heading-2\" href=\"https:\/\/www.saint-martin-coiffure.fr\/blog\/pourquoi-ma-couleur-na-pas-pris-apres-coiffeur-et-comment-y-remedier\/#Les-causes-principales-dun-echec-coloration-et-des-problemes-de-teinture\" >Les causes principales d\u2019un \u00e9chec coloration et des probl\u00e8mes de teinture<\/a><\/li><li class='ez-toc-page-1 ez-toc-heading-level-2'><a class=\"ez-toc-link ez-toc-heading-3\" href=\"https:\/\/www.saint-martin-coiffure.fr\/blog\/pourquoi-ma-couleur-na-pas-pris-apres-coiffeur-et-comment-y-remedier\/#Diagnostic-capillaire%E2%80%AF-comprendre-ses-cheveux-avant-de-corriger-une-coloration-ratee\" >Diagnostic capillaire\u202f: comprendre ses cheveux avant de corriger une coloration rat\u00e9e<\/a><\/li><li class='ez-toc-page-1 ez-toc-heading-level-2'><a class=\"ez-toc-link ez-toc-heading-4\" href=\"https:\/\/www.saint-martin-coiffure.fr\/blog\/pourquoi-ma-couleur-na-pas-pris-apres-coiffeur-et-comment-y-remedier\/#Preparation-et-soins-avant-la-coloration-cheveux-guide-daction-et-exemples\" >Pr\u00e9paration et soins avant la coloration cheveux : guide d\u2019action et exemples<\/a><\/li><li class='ez-toc-page-1 ez-toc-heading-level-2'><a class=\"ez-toc-link ez-toc-heading-5\" href=\"https:\/\/www.saint-martin-coiffure.fr\/blog\/pourquoi-ma-couleur-na-pas-pris-apres-coiffeur-et-comment-y-remedier\/#Gestes-apres-la-coloration-et-conseils-pour-corriger-une-couleur-ratee\" >Gestes apr\u00e8s la coloration et conseils pour corriger une couleur rat\u00e9e<\/a><\/li><li class='ez-toc-page-1 ez-toc-heading-level-2'><a class=\"ez-toc-link ez-toc-heading-6\" href=\"https:\/\/www.saint-martin-coiffure.fr\/blog\/pourquoi-ma-couleur-na-pas-pris-apres-coiffeur-et-comment-y-remedier\/#Dernier-bloc-de-conseils-pratiques-pour-eviter-et-reparer-une-coloration-ratee\" >Dernier bloc de conseils pratiques pour \u00e9viter et r\u00e9parer une coloration rat\u00e9e<\/a><\/li><\/ul><\/nav><\/div>\n<h2 class=\"wp-block-heading\"><span class=\"ez-toc-section\" id=\"Pourquoi-certains-cheveux-%E2%80%9Crejettent%E2%80%9D-la-couleur-apres-le-coiffeur%E2%80%AF\"><\/span>Pourquoi certains cheveux \u201crejettent\u201d la couleur apr\u00e8s le coiffeur\u202f?<span class=\"ez-toc-section-end\"><\/span><\/h2>\n\n<p class=\"wp-block-paragraph\">Il arrive que la rencontre avec la couleur cheveux tourne court\u202f: la couleur ne prend pas, elle d\u00e9gorge presque aussit\u00f4t ou ressort terne et in\u00e9gale. Ce ph\u00e9nom\u00e8ne n\u2019est pas rare, loin de l\u00e0, et il existe une explication simple et rassurante. Un cheveu \u201crejette\u201d la couleur lorsqu\u2019il ne parvient pas \u00e0 la retenir ou \u00e0 la laisser p\u00e9n\u00e9trer en profondeur. Ce souci peut se manifester tout de suite apr\u00e8s la coloration ou au fil des shampoings.<\/p>\n\n<p class=\"wp-block-paragraph\">On distingue deux principaux sc\u00e9narios. Le premier\u202f: la couleur ne prend pas du tout. Vous avez suivi les \u00e9tapes, patient\u00e9, respect\u00e9 le temps de pause\u2026 mais le cheveu reste inchang\u00e9, ou un reflet timide appara\u00eet sans la vibrance attendue. Le second\u202f: la couleur semble parfaite au d\u00e9part, mais se d\u00e9lave tr\u00e8s rapidement. Apr\u00e8s deux ou trois lavages, ce qui tenait tant \u00e0 c\u0153ur s\u2019estompe ou vire m\u00eame \u00e0 une teinte d\u00e9cevante. Ces situations r\u00e9v\u00e8lent une probl\u00e9matique de fond\u202f: c\u2019est la structure m\u00eame du cheveu qui pose probl\u00e8me, bien plus que la marque de coloration ou la main du coiffeur.<\/p>\n\n<p class=\"wp-block-paragraph\">Ce ph\u00e9nom\u00e8ne concerne parfois les cheveux d\u00e9j\u00e0 sensibilis\u00e9s, trait\u00e9s chimiquement ou au contraire, en excellente sant\u00e9 mais peu poreux. \u00c0 l\u2019instar d\u2019Agn\u00e8s, cliente r\u00e9guli\u00e8re \u00e0 la recherche d\u2019une nuance miel, d\u00e9couvrir que ses cheveux vierges n\u2019avaient \u201crien accroch\u00e9\u201d \u00e0 la teinture a d\u2019abord \u00e9t\u00e9 une surprise. Mais au salon, chaque type de fibre capillaire r\u00e9agit diff\u00e9remment aux produits. Les professionnels adaptent alors leur approche, mais certains cheveux r\u00e9sistent, persistants.<\/p>\n\n<p class=\"wp-block-paragraph\">Le rejet de la couleur s\u2019explique aussi par la porosit\u00e9, la capacit\u00e9 d\u2019absorption de la fibre. Trop ouverte, elle laisse s\u2019\u00e9chapper le pigment. Trop ferm\u00e9e, elle bloque la p\u00e9n\u00e9tration. Il s\u2019agit donc d\u2019un signal, pas d\u2019une fatalit\u00e9\u202f: chaque cheveu r\u00e9clame une approche personnalis\u00e9e, motiv\u00e9e par le diagnostic juste et les bons produits capillaires. Ce ph\u00e9nom\u00e8ne explique bon nombre d\u2019\u00e9checs coloration et guide vers des rem\u00e8des coloration adapt\u00e9s.<\/p>\n\n<h2 class=\"wp-block-heading\"><span class=\"ez-toc-section\" id=\"Les-causes-principales-dun-echec-coloration-et-des-problemes-de-teinture\"><\/span>Les causes principales d\u2019un \u00e9chec coloration et des probl\u00e8mes de teinture<span class=\"ez-toc-section-end\"><\/span><\/h2>\n\n<p class=\"wp-block-paragraph\">Quand la couleur cheveux ne tient pas ou part rapidement, plusieurs facteurs entrent en jeu. La porosit\u00e9 de la fibre, qui peut sembler technique, est en r\u00e9alit\u00e9 le point de d\u00e9part de toute r\u00e9flexion. En salon, la premi\u00e8re \u00e9tape consiste \u00e0 d\u00e9terminer si la fibre est trop poreuse, peu poreuse ou \u00e9quilibr\u00e9e. Un cheveu trop poreux absorbe la teinture mais la laisse filer en quelques lavages. C\u2019est souvent le cas sur des chevelures ayant subi des d\u00e9colorations \u00e0 r\u00e9p\u00e9tition, des brushings intensifs ou lissages fr\u00e9quents. \u00c0 l\u2019inverse, une fibre peu poreuse, presque \u201cvitreuse\u201d, laisse les pigments en surface. Ce cas concerne autant les cheveux tr\u00e8s sains que les textures afro naturelles, qui n\u00e9cessitent une ouverture sp\u00e9cifique des \u00e9cailles.<\/p>\n\n<p class=\"wp-block-paragraph\">L\u2019accumulation de r\u00e9sidus sur la fibre est un pi\u00e8ge fr\u00e9quent\u202f: silicones, huiles min\u00e9rales, calcaire de l\u2019eau, produits coiffants accumul\u00e9s cr\u00e9ent une barri\u00e8re invisible. R\u00e9sultat\u202f: la couleur ne p\u00e9n\u00e8tre pas et glisse \u00e0 la surface. La cliente, persuad\u00e9e d\u2019avoir suivi toutes les \u00e9tapes, ne voit pas o\u00f9 \u00e7a coince. Pourtant, le diagnostic capillaire r\u00e9v\u00e8le vite ces \u201cverrouillages\u201d discrets et classiques en cas de coloration rat\u00e9e.<\/p>\n\n<p class=\"wp-block-paragraph\">Il ne faut pas n\u00e9gliger l\u2019\u00e9tat g\u00e9n\u00e9ral du cheveu. Si la fibre est br\u00fbl\u00e9e ou cass\u00e9e, la cuticule si ab\u00eem\u00e9e qu\u2019elle ne retient rien, on assiste m\u00eame \u00e0 un r\u00e9sultat tachet\u00e9 ou sans \u00e9clat. Paradoxalement, des cheveux jamais trait\u00e9s et ultra sains posent aussi des difficult\u00e9s par leur imperm\u00e9abilit\u00e9 naturelle. Viennent ensuite les erreurs li\u00e9es aux techniques coloration \u00e0 domicile ou en salon\u202f: mauvais dosage de l\u2019oxydant, temps de pause insuffisant, application irr\u00e9guli\u00e8re du produit. Chaque \u00e9tape compte, et m\u00eame un petit \u201c\u00e9cart\u201d peut entra\u00eener des probl\u00e8mes teinture majeurs.<\/p>\n\n<p class=\"wp-block-paragraph\">Ajoutons des causes moins \u00e9videntes mais tout aussi r\u00e9elles, comme les variations hormonales ou certains m\u00e9dicaments. Dans le cas de Camille, une jeune maman revenue d\u2019une coloration \u201cfade\u201d, la surprise fut totale\u202f: c\u2019est un bouleversement hormonal qui avait modifi\u00e9 la texture et la r\u00e9action chimique de sa fibre capillaire. Prendre en compte tous ces \u00e9l\u00e9ments, c\u2019est offrir une correction couleur adapt\u00e9e, sans g\u00e9n\u00e9rer de frustration.<\/p>\n\n<ul class=\"wp-block-list\"><li><strong>Porosit\u00e9 trop \u00e9lev\u00e9e ou faible<\/strong><\/li><li><strong>Accumulation de r\u00e9sidus et calcaire<\/strong><\/li><li><strong>Cheveux ab\u00eem\u00e9s ou cheveux \u00ab\u00a0vitreux\u00a0\u00bb<\/strong><\/li><li><strong>Erreur sur la technique ou les produits capillaires<\/strong><\/li><li><strong>Facteurs internes\u202f: hormones et traitements m\u00e9dicaux<\/strong><\/li><\/ul>\n\n<p class=\"wp-block-paragraph\">Pour approfondir les \u00e9tapes et conseils du coiffeur lors d\u2019une coloration, retrouvez plus d\u2019informations sur <a href=\"https:\/\/www.saint-martin-coiffure.fr\/blog\/comment-se-passe-une-coloration-chez-le-coiffeur-etapes-et-conseils\">ce guide technique de coloration en salon<\/a>. Chaque cause trouve une solution si l\u2019on agit avec m\u00e9thode et attention.<\/p>\n\n<h2 class=\"wp-block-heading\"><span class=\"ez-toc-section\" id=\"Diagnostic-capillaire%E2%80%AF-comprendre-ses-cheveux-avant-de-corriger-une-coloration-ratee\"><\/span>Diagnostic capillaire\u202f: comprendre ses cheveux avant de corriger une coloration rat\u00e9e<span class=\"ez-toc-section-end\"><\/span><\/h2>\n\n<p class=\"wp-block-paragraph\">La meilleure arme face \u00e0 une coloration rat\u00e9e reste le diagnostic capillaire. Impossible de corriger sans conna\u00eetre l\u2019origine du probl\u00e8me. Un test simple\u202f: le test du verre d\u2019eau. On pr\u00e9l\u00e8ve quelques cheveux propres, on les plonge dans un verre d\u2019eau \u00e0 temp\u00e9rature ambiante, puis on observe. S\u2019ils flottent, la porosit\u00e9 est faible\u202f: la couleur peinera \u00e0 prendre. S\u2019ils coulent imm\u00e9diatement, elle est \u00e9lev\u00e9e\u202f: attention \u00e0 l\u2019effet panier perc\u00e9. Au milieu, vous avez une fibre bien \u00e9quilibr\u00e9e, id\u00e9ale pour la plupart des techniques coloration.<\/p>\n\n<p class=\"wp-block-paragraph\">Au salon ou \u00e0 la maison, il convient de poser les bonnes questions\u202f: le cheveu a-t-il \u00e9t\u00e9 expos\u00e9 \u00e0 des traitements chimiques r\u00e9cents\u202f? Brushing intensif, lissage br\u00e9silien\u202f? Utilisation fr\u00e9quente de shampoings compos\u00e9s de silicones non solubles\u202f? Ces \u00e9l\u00e9ments orientent vers le souci pr\u00e9cis et facilitent la correction. Par exemple, Sophie a longtemps \u00e9t\u00e9 d\u00e9\u00e7ue par l\u2019\u00e9chec coloration sur ses cheveux blancs. Apr\u00e8s test et \u00e9change avec son coiffeur, le diagnostic a mis en avant une cuticule tr\u00e8s ferm\u00e9e, n\u00e9cessitant un mordan\u00e7age pr\u00e9alable pour ouvrir les \u00e9cailles avant la pose de la teinture.<\/p>\n\n<p class=\"wp-block-paragraph\">Ce diagnostic inclut aussi la reconnaissance de votre routine\u202f: quels produits capillaires utilisez-vous\u202f? Sont-ils adapt\u00e9s \u00e0 une chevelure fragilis\u00e9e ou difficile \u00e0 colorer\u202f? Parfois, il faut commencer par un \u201creset\u201d capillaire avant de retenter l\u2019aventure des pigments. Cette \u00e9tape donne souvent l\u2019occasion de repartir sur de bonnes bases et de prolonger la tenue de la nouvelle couleur.<\/p>\n\n<p class=\"wp-block-paragraph\">Pour celles et ceux qui souhaitent exploiter les techniques de balayage ou de coloration plus naturelles, n\u2019h\u00e9sitez pas \u00e0 vous informer sur les produits adapt\u00e9s\u202f: <a href=\"https:\/\/www.saint-martin-coiffure.fr\/blog\/quel-produit-balayage-miel-choisir-comme-fournisseur-pour-coiffeur\">les meilleures r\u00e9f\u00e9rences pour le balayage miel<\/a> sont \u00e0 \u00e9tudier selon la nature de votre cheveu et vos attentes couleur.<\/p>\n\n<h2 class=\"wp-block-heading\"><span class=\"ez-toc-section\" id=\"Preparation-et-soins-avant-la-coloration-cheveux-guide-daction-et-exemples\"><\/span>Pr\u00e9paration et soins avant la coloration cheveux : guide d\u2019action et exemples<span class=\"ez-toc-section-end\"><\/span><\/h2>\n\n<p class=\"wp-block-paragraph\">Une coloration r\u00e9ussie ne tient pas du hasard\u202f: elle se construit avec pr\u00e9paration et adaptation, surtout apr\u00e8s un \u00e9chec coloration. Le premier r\u00e9flexe des professionnels est la clarification, ce grand m\u00e9nage capillaire qui retire silicones, calcaire et r\u00e9sidus de produits coiffants. Un shampoing clarifiant une \u00e0 deux semaines avant la teinture fait souvent la diff\u00e9rence. Si besoin, une recette maison existe, \u00e0 base de shampoing neutre enrichi d\u2019un soup\u00e7on de bicarbonate de soude. Attention tout de m\u00eame \u00e0 bien hydrater la fibre apr\u00e8s pour \u00e9viter l\u2019effet ass\u00e9chant du bicarbonate.<\/p>\n\n<p class=\"wp-block-paragraph\">Le timing de la pose de la couleur joue aussi son r\u00f4le. Contrairement \u00e0 ce que beaucoup pensent, il ne faut ni des cheveux tout juste lav\u00e9s, ni totalement \u201csales\u201d. L\u2019id\u00e9al\u202f: 24 \u00e0 48 heures apr\u00e8s votre dernier shampoing, pour que le cuir chevelu soit prot\u00e9g\u00e9 par une fine couche de s\u00e9bum sans encrasser la fibre. Avant la couleur, favoriser les soins adapt\u00e9s \u00e0 la porosit\u00e9 du cheveu\u202f: masques prot\u00e9in\u00e9s si la fibre est poreuse, soins hydratants l\u00e9gers si la structure est ferm\u00e9e. Les bains d\u2019huiles v\u00e9g\u00e9tales sont \u00e0 \u00e9carter la veille d\u2019une teinture car ils risquent de cr\u00e9er une barri\u00e8re qui emp\u00eache l\u2019adh\u00e9rence des pigments.<\/p>\n\n<p class=\"wp-block-paragraph\">Le choix des produits capillaires et de la technique de coloration, enfin, ne doit rien au hasard. Sur des cheveux exigeants, mieux vaut opter pour des colorations d\u2019oxydation professionnelles. Elles ciblent le c\u0153ur du cortex et scellent mieux la couleur. Dans tous les cas, un \u00e9change avec un pro reste le meilleur gage de r\u00e9sultat durable, comme \u00e9voqu\u00e9 dans <a href=\"https:\/\/www.saint-martin-coiffure.fr\/blog\/combien-de-temps-dure-une-couleur-chez-le-coiffeur-conseils-pour-prolonger-la-tenue\">les conseils pour prolonger la tenue d\u2019une couleur en salon<\/a>.<\/p>\n\n<ul class=\"wp-block-list\"><li><strong>Clarifier ses cheveux avant la coloration<\/strong><\/li><li><strong>Respecter le bon intervalle apr\u00e8s shampoing<\/strong><\/li><li><strong>Choisir son masque\u202f: prot\u00e9ines ou hydratation l\u00e9g\u00e8re<\/strong><\/li><li><strong>Privil\u00e9gier la coloration d\u2019oxydation sur cheveux r\u00e9calcitrants<\/strong><\/li><\/ul>\n\n<h2 class=\"wp-block-heading\"><span class=\"ez-toc-section\" id=\"Gestes-apres-la-coloration-et-conseils-pour-corriger-une-couleur-ratee\"><\/span>Gestes apr\u00e8s la coloration et conseils pour corriger une couleur rat\u00e9e<span class=\"ez-toc-section-end\"><\/span><\/h2>\n\n<p class=\"wp-block-paragraph\">Pass\u00e9 l\u2019application, l\u2019enjeu se d\u00e9place sur la routine et les bons gestes \u00e0 adopter pour conserver la vivacit\u00e9 de la teinture. L\u2019eau ti\u00e8de est l\u2019alli\u00e9e incontournable du premier rin\u00e7age, suivie d\u2019un jet d\u2019eau froide pour refermer au maximum les \u00e9cailles et garder les pigments prisonniers. Le soin post-coloration fourni dans les kits n\u2019est pas optionnel\u202f: il r\u00e9ajuste le ph de la fibre et prolonge la fixation.<\/p>\n\n<p class=\"wp-block-paragraph\">Pour \u00e9viter une coloration qui d\u00e9gorge, il s\u2019agit de limiter les shampoings dans les 72 heures. Plus les pigments auront le temps de se fixer, plus la couleur cheveux r\u00e9sistera aux lavages. Choisir des shampoings sans sulfates et des soins sp\u00e9cialement formul\u00e9s pour cheveux color\u00e9s fait une diff\u00e9rence notoire. En cas de probl\u00e8mes de teinture persistants, certaines astuces pro sont salvatrices, comme le mordan\u00e7age pour les cheveux blancs ou l\u2019utilisation de pigments enrichis pour une couverture parfaite. Tous ces conseils cheveux s\u2019appliquent aussi bien pour corriger qu\u2019entretenir une coloration rat\u00e9e.<\/p>\n\n<ul class=\"wp-block-list\"><li><strong>Rin\u00e7age \u00e0 l\u2019eau ti\u00e8de puis froide<\/strong><\/li><li><strong>Soin post-coloration au ph acide<\/strong><\/li><li><strong>Attendre 48 \u00e0 72 h avant le premier shampoing<\/strong><\/li><li><strong>Produits adapt\u00e9s pour cheveux color\u00e9s et sans sulfates<\/strong><\/li><\/ul>\n\n<p class=\"wp-block-paragraph\">Quand la coloration a vir\u00e9 ou a mal pris, corriger soi-m\u00eame demande parfois patience et m\u00e9thode. Parfois, le mieux est de demander l\u2019avis d\u2019un coloriste form\u00e9, capable d\u2019effectuer une correction couleur cibl\u00e9e et durable.<\/p>\n\n<h2 class=\"wp-block-heading\"><span class=\"ez-toc-section\" id=\"Dernier-bloc-de-conseils-pratiques-pour-eviter-et-reparer-une-coloration-ratee\"><\/span>Dernier bloc de conseils pratiques pour \u00e9viter et r\u00e9parer une coloration rat\u00e9e<span class=\"ez-toc-section-end\"><\/span><\/h2>\n\n<p class=\"wp-block-paragraph\">Gardez \u00e0 l\u2019esprit que chaque chevelure exige sa propre routine lors de la coloration. Si le r\u00e9sultat ne correspond pas \u00e0 vos attentes, commencez par analyser toute votre cha\u00eene de soins, du diagnostic jusqu\u2019au choix de la technique. Int\u00e9grez une clarification r\u00e9guli\u00e8re dans vos habitudes, apprenez \u00e0 lire les listes d\u2019ingr\u00e9dients pour rep\u00e9rer les silicones ind\u00e9sirables, et ciblez pr\u00e9cis\u00e9ment vos soins en fonction du diagnostic de porosit\u00e9 relev\u00e9.<\/p>\n\n<p class=\"wp-block-paragraph\">La patience est votre meilleure alli\u00e9e\u202f: mieux vaut pr\u00e9parer m\u00e9ticuleusement la fibre, reporter la coloration de quelques jours, ou consulter un professionnel, que de multiplier les corrections hasardeuses. Les cheveux blancs, eux, requi\u00e8rent des techniques sp\u00e9cifiques comme le mordan\u00e7age ou des gammes ultra pigment\u00e9es. Pour vos prochaines couleurs cheveux, privil\u00e9giez le dialogue avec votre coiffeur ou votre fournisseur en demandant toujours un diagnostic pr\u00e9cis de la fibre. Enfin, ne soyez pas trop dur avec vous-m\u00eame : m\u00eame les pros rencontrent parfois des chevelures capricieuses, l\u2019essentiel est d\u2019adapter soin et produits \u00e0 chaque probl\u00e9matique.<\/p>\n\n<ul class=\"wp-block-list\"><li><strong>Clarifier r\u00e9guli\u00e8rement ses cheveux pour \u00e9viter l\u2019accumulation de r\u00e9sidus<\/strong><\/li><li><strong>Choisir des techniques coloration adapt\u00e9es \u00e0 son type de fibre<\/strong><\/li><li><strong>Utiliser des shampoings doux, id\u00e9alement sans sulfates, apr\u00e8s coloration<\/strong><\/li><li><strong>Consulter un expert en cas d\u2019\u00e9chec coloration r\u00e9p\u00e9t\u00e9s<\/strong><\/li><li><strong>Ne pas multiplier les tentatives de correction sans diagnostic pr\u00e9cis<\/strong><\/li><\/ul>\n\n<p class=\"wp-block-paragraph\">Avec de la rigueur, un zeste de patience et les conseils d\u2019un professionnel passionn\u00e9, chaque d\u00e9faut se transforme en l\u2019occasion de mieux comprendre son cheveu et d\u2019obtenir enfin une couleur \u00e9clatante, qui dure et redonne confiance.<\/p>\n\n","protected":false},"excerpt":{"rendered":"<p>Vous voil\u00e0 devant le miroir, plein d\u2019espoir apr\u00e8s une visite chez le coiffeur pour votre nouvelle couleur de cheveux. Pourtant, [&hellip;]<\/p>\n","protected":false},"author":7,"featured_media":5902,"comment_status":"open","ping_status":"close","sticky":false,"template":"","format":"standard","meta":{"_crdt_document":"","site-sidebar-layout":"default","site-content-layout":"","ast-site-content-layout":"default","site-content-style":"default","site-sidebar-style":"default","ast-global-header-display":"","ast-banner-title-visibility":"","ast-main-header-display":"","ast-hfb-above-header-display":"","ast-hfb-below-header-display":"","ast-hfb-mobile-header-display":"","site-post-title":"","ast-breadcrumbs-content":"","ast-featured-img":"","footer-sml-layout":"","ast-disable-related-posts":"","theme-transparent-header-meta":"","adv-header-id-meta":"","stick-header-meta":"","header-above-stick-meta":"","header-main-stick-meta":"","header-below-stick-meta":"","astra-migrate-meta-layouts":"default","ast-page-background-enabled":"default","ast-page-background-meta":{"desktop":{"background-color":"var(--ast-global-color-4)","background-image":"","background-repeat":"repeat","background-position":"center center","background-size":"auto","background-attachment":"scroll","background-type":"","background-media":"","overlay-type":"","overlay-color":"","overlay-opacity":"","overlay-gradient":""},"tablet":{"background-color":"","background-image":"","background-repeat":"repeat","background-position":"center center","background-size":"auto","background-attachment":"scroll","background-type":"","background-media":"","overlay-type":"","overlay-color":"","overlay-opacity":"","overlay-gradient":""},"mobile":{"background-color":"","background-image":"","background-repeat":"repeat","background-position":"center center","background-size":"auto","background-attachment":"scroll","background-type":"","background-media":"","overlay-type":"","overlay-color":"","overlay-opacity":"","overlay-gradient":""}},"ast-content-background-meta":{"desktop":{"background-color":"var(--ast-global-color-5)","background-image":"","background-repeat":"repeat","background-position":"center center","background-size":"auto","background-attachment":"scroll","background-type":"","background-media":"","overlay-type":"","overlay-color":"","overlay-opacity":"","overlay-gradient":""},"tablet":{"background-color":"var(--ast-global-color-5)","background-image":"","background-repeat":"repeat","background-position":"center center","background-size":"auto","background-attachment":"scroll","background-type":"","background-media":"","overlay-type":"","overlay-color":"","overlay-opacity":"","overlay-gradient":""},"mobile":{"background-color":"var(--ast-global-color-5)","background-image":"","background-repeat":"repeat","background-position":"center center","background-size":"auto","background-attachment":"scroll","background-type":"","background-media":"","overlay-type":"","overlay-color":"","overlay-opacity":"","overlay-gradient":""}},"footnotes":""},"categories":[1547],"tags":[],"class_list":["post-5903","post","type-post","status-publish","format-standard","has-post-thumbnail","hentry","category-coloration"],"_links":{"self":[{"href":"https:\/\/www.saint-martin-coiffure.fr\/blog\/wp-json\/wp\/v2\/posts\/5903","targetHints":{"allow":["GET"]}}],"collection":[{"href":"https:\/\/www.saint-martin-coiffure.fr\/blog\/wp-json\/wp\/v2\/posts"}],"about":[{"href":"https:\/\/www.saint-martin-coiffure.fr\/blog\/wp-json\/wp\/v2\/types\/post"}],"author":[{"embeddable":true,"href":"https:\/\/www.saint-martin-coiffure.fr\/blog\/wp-json\/wp\/v2\/users\/7"}],"replies":[{"embeddable":true,"href":"https:\/\/www.saint-martin-coiffure.fr\/blog\/wp-json\/wp\/v2\/comments?post=5903"}],"version-history":[{"count":0,"href":"https:\/\/www.saint-martin-coiffure.fr\/blog\/wp-json\/wp\/v2\/posts\/5903\/revisions"}],"wp:featuredmedia":[{"embeddable":true,"href":"https:\/\/www.saint-martin-coiffure.fr\/blog\/wp-json\/wp\/v2\/media\/5902"}],"wp:attachment":[{"href":"https:\/\/www.saint-martin-coiffure.fr\/blog\/wp-json\/wp\/v2\/media?parent=5903"}],"wp:term":[{"taxonomy":"category","embeddable":true,"href":"https:\/\/www.saint-martin-coiffure.fr\/blog\/wp-json\/wp\/v2\/categories?post=5903"},{"taxonomy":"post_tag","embeddable":true,"href":"https:\/\/www.saint-martin-coiffure.fr\/blog\/wp-json\/wp\/v2\/tags?post=5903"}],"curies":[{"name":"wp","href":"https:\/\/api.w.org\/{rel}","templated":true}]}}