{"id":5901,"date":"2026-03-28T10:45:12","date_gmt":"2026-03-28T09:45:12","guid":{"rendered":"https:\/\/www.saint-martin-coiffure.fr\/blog\/a-quoi-sert-un-nuancier-de-couleurs-coiffeur-et-comment-lutiliser-efficacement"},"modified":"2026-03-28T10:45:12","modified_gmt":"2026-03-28T09:45:12","slug":"a-quoi-sert-un-nuancier-de-couleurs-coiffeur-et-comment-lutiliser-efficacement","status":"publish","type":"post","link":"https:\/\/www.saint-martin-coiffure.fr\/blog\/a-quoi-sert-un-nuancier-de-couleurs-coiffeur-et-comment-lutiliser-efficacement","title":{"rendered":"\u00c0 quoi sert un nuancier de couleurs coiffeur et comment l&rsquo;utiliser efficacement ?"},"content":{"rendered":"<p class=\"wp-block-paragraph\">D\u00e9voiler l\u2019univers du <strong>nuancier de couleurs coiffeur<\/strong> revient \u00e0 ouvrir une mallette magique, pleine de promesses pour les passionn\u00e9s de <strong>coloration cheveux<\/strong>. Pour qui r\u00eave d\u2019obtenir la nuance parfaite, cet outil est celui qui garantit la coh\u00e9rence entre envie et r\u00e9sultat. En salon comme \u00e0 la maison, s\u2019impr\u00e9gner du bon usage d\u2019un <strong>nuancier<\/strong> transforme la s\u00e9lection des <strong>teintes capillaires<\/strong> en un petit jeu o\u00f9 m\u00e9thode rime avec plaisir. Loin d\u2019\u00eatre r\u00e9serv\u00e9 aux professionnels, le nuancier devient l\u2019alli\u00e9 de tous ceux qui cherchent \u00e0 \u00e9viter les surprises et \u00e0 personnaliser chaque projet capillaire, tout en partageant un langage commun entre client et coiffeur. De la compr\u00e9hension des <strong>r\u00e9f\u00e9rences teintes<\/strong> \u00e0 l\u2019application concr\u00e8te de la couleur choisie, savoir manier ce pr\u00e9cieux \u00e9ventail de couleurs, c\u2019est poser les bases d\u2019un r\u00e9sultat harmonieux, fid\u00e8le \u00e0 ses attentes et \u00e0 sa personnalit\u00e9.<\/p>\n\n<ul class=\"wp-block-list\"><li>Le <strong>nuancier coiffeur<\/strong> offre une vision pr\u00e9cise des options de <strong>coloration cheveux<\/strong>.<\/li><li>Il sert autant \u00e0 guider le <strong>choix couleur<\/strong> qu\u2019\u00e0 \u00e9viter les d\u00e9ceptions lors de l\u2019application.<\/li><li>Maitriser les codes et les <strong>r\u00e9f\u00e9rences teintes<\/strong> rend chaque projet de changement plus simple et plus rassurant.<\/li><li>Les exemples pratiques d&rsquo;utilisation permettent d\u2019\u00e9viter les erreurs fr\u00e9quentes en salon ou \u00e0 domicile.<\/li><li>Optimiser l\u2019<strong>efficacit\u00e9 usage<\/strong> de cet outil passe par divers conseils et des techniques professionnelles simples.<\/li><\/ul>\n\n<div id=\"ez-toc-container\" class=\"ez-toc-v2_0_82_2 counter-hierarchy ez-toc-counter ez-toc-custom ez-toc-container-direction\">\n<div class=\"ez-toc-title-container\">\n<div class=\"ez-toc-title ez-toc-toggle\" style=\"cursor:pointer\">Sommaire : <\/div>\n<span class=\"ez-toc-title-toggle\"><a href=\"#\" class=\"ez-toc-pull-right ez-toc-btn ez-toc-btn-xs ez-toc-btn-default ez-toc-toggle\" aria-label=\"Toggle Table of Content\"><span class=\"ez-toc-js-icon-con\"><span class=\"\"><span class=\"eztoc-hide\" style=\"display:none;\">Toggle<\/span><span class=\"ez-toc-icon-toggle-span\"><svg style=\"fill: #545454;color:#545454\" xmlns=\"http:\/\/www.w3.org\/2000\/svg\" class=\"list-377408\" width=\"20px\" height=\"20px\" viewBox=\"0 0 24 24\" fill=\"none\"><path d=\"M6 6H4v2h2V6zm14 0H8v2h12V6zM4 11h2v2H4v-2zm16 0H8v2h12v-2zM4 16h2v2H4v-2zm16 0H8v2h12v-2z\" fill=\"currentColor\"><\/path><\/svg><svg style=\"fill: #545454;color:#545454\" class=\"arrow-unsorted-368013\" xmlns=\"http:\/\/www.w3.org\/2000\/svg\" width=\"10px\" height=\"10px\" viewBox=\"0 0 24 24\" version=\"1.2\" baseProfile=\"tiny\"><path d=\"M18.2 9.3l-6.2-6.3-6.2 6.3c-.2.2-.3.4-.3.7s.1.5.3.7c.2.2.4.3.7.3h11c.3 0 .5-.1.7-.3.2-.2.3-.5.3-.7s-.1-.5-.3-.7zM5.8 14.7l6.2 6.3 6.2-6.3c.2-.2.3-.5.3-.7s-.1-.5-.3-.7c-.2-.2-.4-.3-.7-.3h-11c-.3 0-.5.1-.7.3-.2.2-.3.5-.3.7s.1.5.3.7z\"\/><\/svg><\/span><\/span><\/span><\/a><\/span><\/div>\n<nav><ul class='ez-toc-list ez-toc-list-level-1 ' ><li class='ez-toc-page-1 ez-toc-heading-level-2'><a class=\"ez-toc-link ez-toc-heading-1\" href=\"https:\/\/www.saint-martin-coiffure.fr\/blog\/a-quoi-sert-un-nuancier-de-couleurs-coiffeur-et-comment-lutiliser-efficacement\/#Comment-fonctionne-un-nuancier-de-couleurs-coiffeur\" >Comment fonctionne un nuancier de couleurs coiffeur ?<\/a><ul class='ez-toc-list-level-3' ><li class='ez-toc-heading-level-3'><a class=\"ez-toc-link ez-toc-heading-2\" href=\"https:\/\/www.saint-martin-coiffure.fr\/blog\/a-quoi-sert-un-nuancier-de-couleurs-coiffeur-et-comment-lutiliser-efficacement\/#Le-jargon-des-coloristes-decryptage-des-codes-du-nuancier\" >Le jargon des coloristes : d\u00e9cryptage des codes du nuancier<\/a><\/li><\/ul><\/li><li class='ez-toc-page-1 ez-toc-heading-level-2'><a class=\"ez-toc-link ez-toc-heading-3\" href=\"https:\/\/www.saint-martin-coiffure.fr\/blog\/a-quoi-sert-un-nuancier-de-couleurs-coiffeur-et-comment-lutiliser-efficacement\/#Choisir-la-teinte-ideale-astuces-et-erreurs-courantes\" >Choisir la teinte id\u00e9ale : astuces et erreurs courantes<\/a><ul class='ez-toc-list-level-3' ><li class='ez-toc-heading-level-3'><a class=\"ez-toc-link ez-toc-heading-4\" href=\"https:\/\/www.saint-martin-coiffure.fr\/blog\/a-quoi-sert-un-nuancier-de-couleurs-coiffeur-et-comment-lutiliser-efficacement\/#Limportance-de-la-lumiere-et-du-contexte-lors-du-choix\" >L\u2019importance de la lumi\u00e8re et du contexte lors du choix<\/a><\/li><\/ul><\/li><li class='ez-toc-page-1 ez-toc-heading-level-2'><a class=\"ez-toc-link ez-toc-heading-5\" href=\"https:\/\/www.saint-martin-coiffure.fr\/blog\/a-quoi-sert-un-nuancier-de-couleurs-coiffeur-et-comment-lutiliser-efficacement\/#Conseils-pratiques-dapplication-couleur-avec-le-nuancier\" >Conseils pratiques d\u2019application couleur avec le nuancier<\/a><ul class='ez-toc-list-level-3' ><li class='ez-toc-heading-level-3'><a class=\"ez-toc-link ez-toc-heading-6\" href=\"https:\/\/www.saint-martin-coiffure.fr\/blog\/a-quoi-sert-un-nuancier-de-couleurs-coiffeur-et-comment-lutiliser-efficacement\/#Lart-du-melange-et-la-gestion-des-reflets-indesirables\" >L\u2019art du m\u00e9lange et la gestion des reflets ind\u00e9sirables<\/a><\/li><\/ul><\/li><li class='ez-toc-page-1 ez-toc-heading-level-2'><a class=\"ez-toc-link ez-toc-heading-7\" href=\"https:\/\/www.saint-martin-coiffure.fr\/blog\/a-quoi-sert-un-nuancier-de-couleurs-coiffeur-et-comment-lutiliser-efficacement\/#Bien-comprendre-les-references-et-leur-impact-sur-le-resultat\" >Bien comprendre les r\u00e9f\u00e9rences et leur impact sur le r\u00e9sultat<\/a><ul class='ez-toc-list-level-3' ><li class='ez-toc-heading-level-3'><a class=\"ez-toc-link ez-toc-heading-8\" href=\"https:\/\/www.saint-martin-coiffure.fr\/blog\/a-quoi-sert-un-nuancier-de-couleurs-coiffeur-et-comment-lutiliser-efficacement\/#Optimiser-lutilisation-du-nuancier-dans-son-quotidien-de-coiffeur\" >Optimiser l\u2019utilisation du nuancier dans son quotidien de coiffeur<\/a><\/li><\/ul><\/li><li class='ez-toc-page-1 ez-toc-heading-level-2'><a class=\"ez-toc-link ez-toc-heading-9\" href=\"https:\/\/www.saint-martin-coiffure.fr\/blog\/a-quoi-sert-un-nuancier-de-couleurs-coiffeur-et-comment-lutiliser-efficacement\/#Derniers-conseils-pour-un-usage-efficace-et-serein-du-nuancier-coloriste\" >Derniers conseils pour un usage efficace et serein du nuancier coloriste<\/a><\/li><\/ul><\/nav><\/div>\n<h2 class=\"wp-block-heading\"><span class=\"ez-toc-section\" id=\"Comment-fonctionne-un-nuancier-de-couleurs-coiffeur\"><\/span>Comment fonctionne un nuancier de couleurs coiffeur ?<span class=\"ez-toc-section-end\"><\/span><\/h2>\n\n<p class=\"wp-block-paragraph\">Un <strong>nuancier<\/strong> ressemble \u00e0 une petite biblioth\u00e8que o\u00f9 chaque m\u00e8che synth\u00e9tique pr\u00e9sente une <strong>teinte capillaire<\/strong> bien d\u00e9finie. On y trouve un \u00e9ventail tr\u00e8s large de couleurs, des blonds ultraclairs aux ch\u00e2tains profonds, en passant par des nuances cuivr\u00e9es, acajou ou encore de subtils gris. Mais ce n\u2019est pas juste une question de teintes visibles : chaque couleur est accompagn\u00e9e d\u2019un num\u00e9ro qui indique la hauteur et le reflet. Par exemple, un 7.43 d\u00e9signe un blond moyen \u00e0 reflet cuivr\u00e9 dor\u00e9. Ce syst\u00e8me international facilite la communication entre client et coiffeur et r\u00e9duit consid\u00e9rablement les risques d\u2019incompr\u00e9hension. Ainsi, un\u00b7e client\u00b7e qui souhaite un blond cendr\u00e9 n\u2019aura pas la mauvaise surprise de se retrouver avec une nuance dor\u00e9e.<\/p>\n\n<p class=\"wp-block-paragraph\">La structure du <strong>nuancier de couleurs coiffeur<\/strong> permet de comparer imm\u00e9diatement diff\u00e9rentes options. Cette d\u00e9marche est pr\u00e9cieuse lorsqu\u2019il s\u2019agit d\u2019ajuster le projet de <strong>coloration cheveux<\/strong> en fonction de la carnation, de l&rsquo;historique capillaire ou encore de l&rsquo;effet recherch\u00e9. Parfois, une m\u00e8che compar\u00e9e sur diff\u00e9rentes parties de la chevelure permet d\u00e9j\u00e0 de se projeter dans le r\u00e9sultat final. C\u2019est l\u00e0 que la notion de \u201cdiagnostic couleur\u201d prend tout son sens : le visuel du nuancier sert de base concr\u00e8te \u00e0 la discussion entre professionnel et client.<\/p>\n\n<h3 class=\"wp-block-heading\"><span class=\"ez-toc-section\" id=\"Le-jargon-des-coloristes-decryptage-des-codes-du-nuancier\"><\/span>Le jargon des coloristes : d\u00e9cryptage des codes du nuancier<span class=\"ez-toc-section-end\"><\/span><\/h3>\n\n<p class=\"wp-block-paragraph\">Sous chaque m\u00e8che, un code et un nom sont indiqu\u00e9s : la hauteur de ton correspond \u00e0 la profondeur de la couleur (du noir profond au blond le plus clair), le chiffre apr\u00e8s le point indique le reflet (cendr\u00e9, dor\u00e9, cuivr\u00e9, etc.). S\u2019y retrouver dans cette jungle peut para\u00eetre intimidant au d\u00e9but, mais comprendre la logique rend les choix plus sereins. Il n\u2019est pas rare que deux couleurs paraissent identiques \u00e0 l\u2019\u0153il nu, alors que la fiche technique signale une diff\u00e9rence subtile entre un reflet froid et un reflet chaud. Adapter la couleur aux attentes du client, \u00e0 sa base naturelle et \u00e0 son ambition, devient alors un jeu d\u2019\u00e9quilibre tout en nuances.<\/p>\n\n<p class=\"wp-block-paragraph\">Les avantages de cette pr\u00e9cision sont manifestes : \u00e9viter les mauvaises surprises, assurer une neutralisation des reflets ind\u00e9sirables, choisir une teinte qui mette en valeur le visage\u2026 Face \u00e0 un large <strong>nuancier<\/strong>, prendre cinq minutes pour passer en revue les diff\u00e9rentes r\u00e9f\u00e9rences assure souvent la r\u00e9ussite d\u2019une prestation et la satisfaction du client.<\/p>\n\n<h2 class=\"wp-block-heading\"><span class=\"ez-toc-section\" id=\"Choisir-la-teinte-ideale-astuces-et-erreurs-courantes\"><\/span>Choisir la teinte id\u00e9ale : astuces et erreurs courantes<span class=\"ez-toc-section-end\"><\/span><\/h2>\n\n<p class=\"wp-block-paragraph\">Opter pour la bonne <strong>couleur cheveux<\/strong> ne rel\u00e8ve pas du hasard, m\u00eame si la tentation est grande de se laisser guider uniquement par le coup de c\u0153ur sur le <strong>nuancier<\/strong>. Une difficult\u00e9 fr\u00e9quemment rencontr\u00e9e est de sous-estimer la base naturelle ou l\u2019historique coloriel. Par exemple, vouloir passer d\u2019un noir bleut\u00e9 \u00e0 un blond platine d\u2019un coup rel\u00e8ve de la gageure et m\u00eame le meilleur <strong>coiffeur<\/strong> a ses limites. L\u2019effort d\u2019analyse commence donc souvent par une discussion sinc\u00e8re sur les habitudes de coloration, les colorations r\u00e9centes ou anciennes, les cheveux d\u00e9j\u00e0 sensibilis\u00e9s ou trait\u00e9s chimiquement. Apr\u00e8s ce point, le r\u00f4le du <strong>nuancier coiffeur<\/strong> prend tout son sens\u00a0: il permet d\u2019illustrer concr\u00e8tement ce qui est possible imm\u00e9diatement, et ce qui demandera un plan d\u2019entretien ou plusieurs \u00e9tapes.<\/p>\n\n<p class=\"wp-block-paragraph\">Les erreurs classiques incluent aussi l\u2019oubli de la carnation ou des yeux\u00a0: porter une teinte dor\u00e9e alors qu\u2019un reflet cendr\u00e9 flatterait mieux, ou l\u2019inverse. C\u2019est \u00e0 ce moment qu\u2019un professionnel aguerri sort souvent son <strong>nuancier<\/strong> pour comparer deux m\u00e8ches presque similaires mais aux reflets diff\u00e9rents. Bref, le secret r\u00e9side dans l\u2019harmonisation\u00a0: prendre le temps d\u2019observer le cheveu \u00e0 la lumi\u00e8re naturelle, comparer avec le nuancier, questionner la personne sur ses envies ou ses attentes, et surtout expliquer chaque \u00e9tape. Mieux vaut parfois orienter vers une nuance proche mais plus adapt\u00e9e que de suivre aveugl\u00e9ment la tendance ou la photo d\u2019inspiration.<\/p>\n\n<h3 class=\"wp-block-heading\"><span class=\"ez-toc-section\" id=\"Limportance-de-la-lumiere-et-du-contexte-lors-du-choix\"><\/span>L\u2019importance de la lumi\u00e8re et du contexte lors du choix<span class=\"ez-toc-section-end\"><\/span><\/h3>\n\n<p class=\"wp-block-paragraph\">Un conseil utile\u00a0: toujours placer le <strong>nuancier de couleurs coiffeur<\/strong> sous plusieurs types de lumi\u00e8re\u00a0: naturelle, artificielle chaude ou froide. Les reflets peuvent changer du tout au tout sous un \u00e9clairage trop puissant ou \u00e0 l\u2019ombre d\u2019un coin de salon. Tester la m\u00e8che \u00e0 diff\u00e9rentes heures du jour, si possible, \u00e9vite de mauvaises surprises au moment du shampooing r\u00e9v\u00e9lateur.<\/p>\n\n<p class=\"wp-block-paragraph\">L\u2019id\u00e9al est de pointer ensemble les teintes potentielles et d\u2019expliquer en une liste claire les cons\u00e9quences du choix :\n  <\/p>\n\n<ul class=\"wp-block-list\"><li><strong>Temps de pose<\/strong> plus ou moins long selon le r\u00e9sultat escompt\u00e9<\/li><li><strong>Fr\u00e9quence de l\u2019entretien<\/strong> si la racine risque d\u2019\u00eatre visible<\/li><li><strong>Compatibilit\u00e9 avec l\u2019\u00e9tat du cheveu<\/strong> (sensibilis\u00e9, poreux, vierge\u2026)<\/li><li><strong>Impact du reflet choisi<\/strong> sur la luminosit\u00e9 du visage<\/li><\/ul>\n\n<p class=\"wp-block-paragraph\">Ce sont autant d\u2019\u00e9l\u00e9ments qui peuvent transformer l\u2019exp\u00e9rience client et la satisfaction finale. La ma\u00eetrise du <strong>nuancier<\/strong> permet de pr\u00e9venir les regrets tout en favorisant la personnalisation totale.<\/p>\n\n<h2 class=\"wp-block-heading\"><span class=\"ez-toc-section\" id=\"Conseils-pratiques-dapplication-couleur-avec-le-nuancier\"><\/span>Conseils pratiques d\u2019application couleur avec le nuancier<span class=\"ez-toc-section-end\"><\/span><\/h2>\n\n<p class=\"wp-block-paragraph\">Venir \u00e0 bout d\u2019une belle <strong>coloration cheveux<\/strong> ne s\u2019arr\u00eate pas \u00e0 la s\u00e9lection du bon num\u00e9ro sur un <strong>nuancier coiffeur<\/strong>. Ce qui fait la vraie diff\u00e9rence, c\u2019est d\u2019appliquer les standards des professionnels, m\u00eame lorsque l\u2019on tente l\u2019aventure \u00e0 la maison. Premi\u00e8re astuce : proc\u00e9der \u00e0 une m\u00e8che test avant toute application, en prenant une petite touffe de cheveux (g\u00e9n\u00e9ralement derri\u00e8re l\u2019oreille). On applique la couleur choisie, conform\u00e9ment au <strong>choix couleur<\/strong> valid\u00e9 avec le nuancier, pour observer si le rendu correspond bien \u00e0 la r\u00e9f\u00e9rence teinte s\u00e9lectionn\u00e9e.<\/p>\n\n<p class=\"wp-block-paragraph\">Deuxi\u00e8me astuce souvent n\u00e9glig\u00e9e : respecter scrupuleusement les proportions et temps de pause indiqu\u00e9s par le fabricant. Le <strong>nuancier<\/strong> sert aussi de rappel sur les ratios de m\u00e9lange pour atteindre la m\u00eame intensit\u00e9 ou profondeur que celle vue sur les m\u00e8ches mod\u00e8les. Ajouter plus d\u2019eau oxyg\u00e9n\u00e9e ou \u00e9courter la pause peut jouer sur l\u2019\u00e9clat ou la tenue de la <strong>teinte capillaire<\/strong>.<\/p>\n\n<h3 class=\"wp-block-heading\"><span class=\"ez-toc-section\" id=\"Lart-du-melange-et-la-gestion-des-reflets-indesirables\"><\/span>L\u2019art du m\u00e9lange et la gestion des reflets ind\u00e9sirables<span class=\"ez-toc-section-end\"><\/span><\/h3>\n\n<p class=\"wp-block-paragraph\">Le <strong>nuancier de couleurs coiffeur<\/strong> propose parfois, sur une m\u00eame page, des couleurs \u00e0 m\u00e9langer pour obtenir des reflets personnalis\u00e9s. Par exemple, si un client demande un beige naturel, il arrive qu\u2019il faille combiner deux teintes voisines plut\u00f4t qu\u2019une seule sortie du tube. Un professionnel chevronn\u00e9 se sert alors du nuancier pour doser savamment, ce qui permet de g\u00e9rer l\u2019apparence finale en ajoutant ou adoucissant certains reflets. Cette technique \u00e9vite surtout d\u2019obtenir un ton trop \u201cflashy\u201d ou, \u00e0 l\u2019inverse, trop terne.<\/p>\n\n<p class=\"wp-block-paragraph\">En appliquant ces m\u00e9thodes, le <strong>nuancier<\/strong> devient un compagnon au quotidien, pour l\u2019application sur cheveux naturels comme sur m\u00e8ches d\u00e9j\u00e0 color\u00e9es ou sensibilis\u00e9es. Il procure une matrice de r\u00e9f\u00e9rence qui rassure autant le client que celui ou celle qui manie le pinceau.<\/p>\n\n<h2 class=\"wp-block-heading\"><span class=\"ez-toc-section\" id=\"Bien-comprendre-les-references-et-leur-impact-sur-le-resultat\"><\/span>Bien comprendre les r\u00e9f\u00e9rences et leur impact sur le r\u00e9sultat<span class=\"ez-toc-section-end\"><\/span><\/h2>\n\n<p class=\"wp-block-paragraph\">Derri\u00e8re chaque m\u00e8che du <strong>nuancier<\/strong> se cache un code, mais aussi une histoire. Les num\u00e9ros, les lettres, les noms po\u00e9tiques pr\u00eatent \u00e0 sourire, mais en r\u00e9alit\u00e9 ils rec\u00e8lent toute une logique bien organis\u00e9e. Les professionnels savent qu\u2019en ma\u00eetrisant ces r\u00e9f\u00e9rences, ils gagnent en efficacit\u00e9 et en personnalisation lors de <strong>technique coloration<\/strong>. Un changement subtil entre un reflet \u201c.1\u201d (cendr\u00e9) ou \u201c.3\u201d (dor\u00e9) peut \u00e9clairer le visage ou, au contraire, lui donner une allure plus froide. Il s\u2019agit de l\u2019une des cl\u00e9s pour obtenir un r\u00e9sultat \u00e9l\u00e9gant, sur mesure et valorisant.<\/p>\n\n<p class=\"wp-block-paragraph\">Ce syst\u00e8me de r\u00e9f\u00e9rences simplifie la formation des \u00e9quipes en salons et permet aux clients d\u2019exprimer clairement leur souhait, m\u00eame via une photographie mobile. Lorsque le d\u00e9cryptage des codes devient un automatisme, la qualit\u00e9 des conseils couleur s\u2019\u00e9l\u00e8ve\u00a0: moins de d\u00e9ceptions, plus d\u2019assurance, et la capacit\u00e9 d\u2019anticiper la r\u00e9action du cheveu selon le pass\u00e9 capillaire et la base initiale. Rien n\u2019emp\u00eache d\u2019oser des reflets in\u00e9dits si la base est solide\u00a0: c\u2019est le plaisir du jeu cr\u00e9atif, orchestr\u00e9 dans le cadre rassurant qu\u2019offre le <strong>nuancier<\/strong>.<\/p>\n\n<h3 class=\"wp-block-heading\"><span class=\"ez-toc-section\" id=\"Optimiser-lutilisation-du-nuancier-dans-son-quotidien-de-coiffeur\"><\/span>Optimiser l\u2019utilisation du nuancier dans son quotidien de coiffeur<span class=\"ez-toc-section-end\"><\/span><\/h3>\n\n<p class=\"wp-block-paragraph\">La meilleure pratique consiste \u00e0 garder son <strong>nuancier de couleurs coiffeur<\/strong> en excellent \u00e9tat\u00a0: \u00e9viter de le laisser prendre la poussi\u00e8re, \u00e9carter tout risque de tache ou de d\u00e9formation des m\u00e8ches par des produits chimiques. Certains salons investissent m\u00eame dans plusieurs mod\u00e8les, pour pouvoir les pr\u00e9senter \u00e0 divers endroits de l\u2019espace client. Dans de grandes enseignes, le nuancier devient m\u00eame l\u2019outil de formation pr\u00e9f\u00e9r\u00e9 pour expliquer aux nouveaux venus le subtil langage des couleurs.<\/p>\n\n<p class=\"wp-block-paragraph\">Capitaliser sur la compr\u00e9hension des codes et sur la clef de lecture des <strong>teintes capillaires<\/strong>, c\u2019est \u00e9conomiser bien des mots et \u00e9viter beaucoup d\u2019incompr\u00e9hensions. C\u2019est aussi acc\u00e9l\u00e9rer le service et gagner la confiance, \u00e0 chaque \u00e9tape du conseil couleur. Peu importe le style souhait\u00e9, la rigueur de l&rsquo;usage du nuancier assure \u00e9l\u00e9gance et pr\u00e9cision.<\/p>\n\n<h2 class=\"wp-block-heading\"><span class=\"ez-toc-section\" id=\"Derniers-conseils-pour-un-usage-efficace-et-serein-du-nuancier-coloriste\"><\/span>Derniers conseils pour un usage efficace et serein du nuancier coloriste<span class=\"ez-toc-section-end\"><\/span><\/h2>\n\n<p class=\"wp-block-paragraph\">Pour tirer le meilleur d\u2019un <strong>nuancier coiffeur<\/strong>, adopter quelques r\u00e9flexes fait toute la diff\u00e9rence. Toujours commencer par un \u00e9change approfondi autour des envies et des limites techniques. Oser sortir le nuancier pour discuter chaque nuance, tester \u00e0 la lumi\u00e8re, et ne jamais h\u00e9siter \u00e0 r\u00e9aliser une m\u00e8che test. Prendre le temps de lire ou relire les notices si besoin\u00a0: la qualit\u00e9 d&rsquo;une <strong>application couleur<\/strong> d\u00e9pend du respect de la marche \u00e0 suivre et de la rigueur dans le dosage. Cette d\u00e9marche r\u00e9duit consid\u00e9rablement le stress et valorise le conseil couleur.<\/p>\n\n<p class=\"wp-block-paragraph\">Enfin, garder \u00e0 l\u2019esprit que le nuancier n\u2019est pas une simple palette de couleurs fig\u00e9e, mais un v\u00e9ritable outil d\u2019accompagnement pour les professionnels de la coiffure et leur client\u00e8le. Gr\u00e2ce \u00e0 lui, chacun peut personnaliser, anticiper et magnifier ses envies, pour donner vie \u00e0 toutes les envies de transformation capillaire, avec plaisir et efficacit\u00e9 \u00e0 chaque \u00e9tape.<\/p>\n\n<ul class=\"wp-block-list\"><li>Prendre le temps de lire le nuancier sous diff\u00e9rents \u00e9clairages<\/li><li>\u00c9changer sur les envies et effectuer un test m\u00e8che<\/li><li>Respecter les codes de m\u00e9lange pour \u00e9viter les erreurs<\/li><li>Ne pas n\u00e9gliger l\u2019importance de la couleur de base et de l\u2019historique capillaire<\/li><li>Ranger le nuancier pour pr\u00e9server l\u2019exactitude des teintes<\/li><li>Utiliser le nuancier pour personnaliser chaque conseil couleur<\/li><\/ul>\n\n","protected":false},"excerpt":{"rendered":"<p>D\u00e9voiler l\u2019univers du nuancier de couleurs coiffeur revient \u00e0 ouvrir une mallette magique, pleine de promesses pour les passionn\u00e9s de [&hellip;]<\/p>\n","protected":false},"author":7,"featured_media":5900,"comment_status":"open","ping_status":"close","sticky":false,"template":"","format":"standard","meta":{"_crdt_document":"","site-sidebar-layout":"default","site-content-layout":"","ast-site-content-layout":"default","site-content-style":"default","site-sidebar-style":"default","ast-global-header-display":"","ast-banner-title-visibility":"","ast-main-header-display":"","ast-hfb-above-header-display":"","ast-hfb-below-header-display":"","ast-hfb-mobile-header-display":"","site-post-title":"","ast-breadcrumbs-content":"","ast-featured-img":"","footer-sml-layout":"","ast-disable-related-posts":"","theme-transparent-header-meta":"","adv-header-id-meta":"","stick-header-meta":"","header-above-stick-meta":"","header-main-stick-meta":"","header-below-stick-meta":"","astra-migrate-meta-layouts":"default","ast-page-background-enabled":"default","ast-page-background-meta":{"desktop":{"background-color":"var(--ast-global-color-4)","background-image":"","background-repeat":"repeat","background-position":"center center","background-size":"auto","background-attachment":"scroll","background-type":"","background-media":"","overlay-type":"","overlay-color":"","overlay-opacity":"","overlay-gradient":""},"tablet":{"background-color":"","background-image":"","background-repeat":"repeat","background-position":"center center","background-size":"auto","background-attachment":"scroll","background-type":"","background-media":"","overlay-type":"","overlay-color":"","overlay-opacity":"","overlay-gradient":""},"mobile":{"background-color":"","background-image":"","background-repeat":"repeat","background-position":"center center","background-size":"auto","background-attachment":"scroll","background-type":"","background-media":"","overlay-type":"","overlay-color":"","overlay-opacity":"","overlay-gradient":""}},"ast-content-background-meta":{"desktop":{"background-color":"var(--ast-global-color-5)","background-image":"","background-repeat":"repeat","background-position":"center center","background-size":"auto","background-attachment":"scroll","background-type":"","background-media":"","overlay-type":"","overlay-color":"","overlay-opacity":"","overlay-gradient":""},"tablet":{"background-color":"var(--ast-global-color-5)","background-image":"","background-repeat":"repeat","background-position":"center center","background-size":"auto","background-attachment":"scroll","background-type":"","background-media":"","overlay-type":"","overlay-color":"","overlay-opacity":"","overlay-gradient":""},"mobile":{"background-color":"var(--ast-global-color-5)","background-image":"","background-repeat":"repeat","background-position":"center center","background-size":"auto","background-attachment":"scroll","background-type":"","background-media":"","overlay-type":"","overlay-color":"","overlay-opacity":"","overlay-gradient":""}},"footnotes":""},"categories":[1547],"tags":[],"class_list":["post-5901","post","type-post","status-publish","format-standard","has-post-thumbnail","hentry","category-coloration"],"_links":{"self":[{"href":"https:\/\/www.saint-martin-coiffure.fr\/blog\/wp-json\/wp\/v2\/posts\/5901","targetHints":{"allow":["GET"]}}],"collection":[{"href":"https:\/\/www.saint-martin-coiffure.fr\/blog\/wp-json\/wp\/v2\/posts"}],"about":[{"href":"https:\/\/www.saint-martin-coiffure.fr\/blog\/wp-json\/wp\/v2\/types\/post"}],"author":[{"embeddable":true,"href":"https:\/\/www.saint-martin-coiffure.fr\/blog\/wp-json\/wp\/v2\/users\/7"}],"replies":[{"embeddable":true,"href":"https:\/\/www.saint-martin-coiffure.fr\/blog\/wp-json\/wp\/v2\/comments?post=5901"}],"version-history":[{"count":0,"href":"https:\/\/www.saint-martin-coiffure.fr\/blog\/wp-json\/wp\/v2\/posts\/5901\/revisions"}],"wp:featuredmedia":[{"embeddable":true,"href":"https:\/\/www.saint-martin-coiffure.fr\/blog\/wp-json\/wp\/v2\/media\/5900"}],"wp:attachment":[{"href":"https:\/\/www.saint-martin-coiffure.fr\/blog\/wp-json\/wp\/v2\/media?parent=5901"}],"wp:term":[{"taxonomy":"category","embeddable":true,"href":"https:\/\/www.saint-martin-coiffure.fr\/blog\/wp-json\/wp\/v2\/categories?post=5901"},{"taxonomy":"post_tag","embeddable":true,"href":"https:\/\/www.saint-martin-coiffure.fr\/blog\/wp-json\/wp\/v2\/tags?post=5901"}],"curies":[{"name":"wp","href":"https:\/\/api.w.org\/{rel}","templated":true}]}}